{"id":10473,"date":"2016-03-02T21:51:54","date_gmt":"2016-03-02T20:51:54","guid":{"rendered":"http:\/\/zsjarosovnn.cz\/?p=10473"},"modified":"2016-04-13T20:17:40","modified_gmt":"2016-04-13T19:17:40","slug":"zs-a-ms-uklidme-svet-uklidme-cesko-2016-8-4-2016","status":"publish","type":"post","link":"http:\/\/zsjarosovnn.cz\/?p=10473","title":{"rendered":"Z\u0160 a M\u0160 &#8211; Ukli\u010fme sv\u011bt, Ukli\u010fme \u010cesko 2016 &#8211; 15. 4. 2016"},"content":{"rendered":"<p style=\"text-align: justify;\"><img decoding=\"async\" loading=\"lazy\" class=\"alignnone wp-image-10475 \" src=\"http:\/\/zsjarosovnn.cz\/wp-content\/uploads\/2016\/03\/UKLIDME-CESKO-NA-ELII-LOGO-1000x420-e1456953148315.jpg\" alt=\"UKLIDME-CESKO-NA-ELII-LOGO-1000x420\" width=\"412\" height=\"173\" \/><\/p>\n<p style=\"text-align: justify;\"><strong><span style=\"text-decoration: underline;\">V p\u00e1tek 15. dubna<\/span> <\/strong>se na\u0161e \u0161kola zapoj\u00ed do celorepublikov\u00e9 dobrovolnick\u00e9 akce <span style=\"text-decoration: underline;\"><strong>Ukli\u010fme sv\u011bt, Ukli\u010fme \u010cesko 2016<\/strong><\/span>. Jej\u00edm c\u00edlem je zapojit co nejv\u00edce lid\u00ed do likvidace pohozen\u00fdch odpadk\u016f a neleg\u00e1ln\u00edch skl\u00e1dek po cel\u00e9 \u010cesk\u00e9 republice a hlavn\u00edm organiz\u00e1torem je \u010cesk\u00fd svaz ochr\u00e1nc\u016f p\u0159\u00edrody.<br \/>\n\u0160koln\u00ed are\u00e1l, na\u0161i obec a jej\u00ed bl\u00edzk\u00e9 okol\u00ed ukl\u00edz\u00edme od pohozen\u00fdch odpadk\u016f se \u017e\u00e1ky tradi\u010dn\u011b ji\u017e n\u011bkolik let, v\u017edy v dubnu nebo koncem b\u0159ezna. O svoz a likvidaci nasb\u00edran\u00fdch odpadk\u016f se star\u00e1 ka\u017edoro\u010dn\u011b Obecn\u00ed \u00fa\u0159ad Jaro\u0161ov nad Ne\u017e\u00e1rkou. Z\u00e1le\u017e\u00ed n\u00e1m na \u010distot\u011b prost\u0159ed\u00ed, ve kter\u00e9m \u017eijeme, a k zodpov\u011bdnosti chceme v\u00e9st i \u017e\u00e1ky na\u0161\u00ed \u0161koly.<br \/>\nPokud by se k n\u00e1m cht\u011bli p\u0159idat dal\u0161\u00ed dobrovoln\u00edci, <span style=\"text-decoration: underline;\"><strong>\u00faklid za\u010d\u00edn\u00e1 v 8 hodin a sraz je p\u0159ed budovou Z\u00e1kladn\u00ed \u0161koly v Jaro\u0161ov\u011b nad Ne\u017e\u00e1rkou.<\/strong><\/span> Pl\u00e1novan\u00e9 ukon\u010den\u00ed akce ve 12 hodin.<strong><span style=\"text-decoration: underline;\"> S sebou pracovn\u00ed rukavice.<\/span><\/strong><\/p>\n","protected":false},"excerpt":{"rendered":"<p>V p\u00e1tek 15. dubna se na\u0161e \u0161kola zapoj\u00ed do celorepublikov\u00e9 dobrovolnick\u00e9 akce Ukli\u010fme sv\u011bt, Ukli\u010fme \u010cesko 2016. Jej\u00edm c\u00edlem je zapojit co nejv\u00edce lid\u00ed do likvidace pohozen\u00fdch odpadk\u016f a neleg\u00e1ln\u00edch skl\u00e1dek po cel\u00e9 \u010cesk\u00e9 republice a hlavn\u00edm organiz\u00e1torem je \u010cesk\u00fd svaz ochr\u00e1nc\u016f p\u0159\u00edrody. \u0160koln\u00ed are\u00e1l, na\u0161i obec a jej\u00ed bl\u00edzk\u00e9 okol\u00ed ukl\u00edz\u00edme od pohozen\u00fdch odpadk\u016f<span class=\"more-excerpt\"><a class=\"more-excerpt-link\" href=\"http:\/\/zsjarosovnn.cz\/?p=10473\"> (continue reading&#8230;)  <\/a><\/span><\/p>\n","protected":false},"author":2,"featured_media":0,"comment_status":"closed","ping_status":"closed","sticky":false,"template":"","format":"standard","meta":{"ngg_post_thumbnail":0},"categories":[4,2],"tags":[],"_links":{"self":[{"href":"http:\/\/zsjarosovnn.cz\/index.php?rest_route=\/wp\/v2\/posts\/10473"}],"collection":[{"href":"http:\/\/zsjarosovnn.cz\/index.php?rest_route=\/wp\/v2\/posts"}],"about":[{"href":"http:\/\/zsjarosovnn.cz\/index.php?rest_route=\/wp\/v2\/types\/post"}],"author":[{"embeddable":true,"href":"http:\/\/zsjarosovnn.cz\/index.php?rest_route=\/wp\/v2\/users\/2"}],"replies":[{"embeddable":true,"href":"http:\/\/zsjarosovnn.cz\/index.php?rest_route=%2Fwp%2Fv2%2Fcomments&post=10473"}],"version-history":[{"count":4,"href":"http:\/\/zsjarosovnn.cz\/index.php?rest_route=\/wp\/v2\/posts\/10473\/revisions"}],"predecessor-version":[{"id":10744,"href":"http:\/\/zsjarosovnn.cz\/index.php?rest_route=\/wp\/v2\/posts\/10473\/revisions\/10744"}],"wp:attachment":[{"href":"http:\/\/zsjarosovnn.cz\/index.php?rest_route=%2Fwp%2Fv2%2Fmedia&parent=10473"}],"wp:term":[{"taxonomy":"category","embeddable":true,"href":"http:\/\/zsjarosovnn.cz\/index.php?rest_route=%2Fwp%2Fv2%2Fcategories&post=10473"},{"taxonomy":"post_tag","embeddable":true,"href":"http:\/\/zsjarosovnn.cz\/index.php?rest_route=%2Fwp%2Fv2%2Ftags&post=10473"}],"curies":[{"name":"wp","href":"https:\/\/api.w.org\/{rel}","templated":true}]}}