{"id":16194,"date":"2017-11-03T15:16:51","date_gmt":"2017-11-03T14:16:51","guid":{"rendered":"http:\/\/zsjarosovnn.cz\/?p=16194"},"modified":"2017-11-13T19:52:28","modified_gmt":"2017-11-13T18:52:28","slug":"sd-patecni-toulky-jarosovskou-minulosti-s-panem-starostou-1-cast-3-11-2017","status":"publish","type":"post","link":"http:\/\/zsjarosovnn.cz\/?p=16194","title":{"rendered":"\u0160D P\u00e1te\u010dn\u00ed toulky jaro\u0161ovskou minulost\u00ed s panem starostou &#8211; 1. \u010d\u00e1st &#8211; 3.11. 2017"},"content":{"rendered":"<p>D\u011bkujeme panu starostovi za poutav\u00e9 vypr\u00e1v\u011bn\u00ed a t\u011b\u0161\u00edme se na dal\u0161\u00ed setk\u00e1n\u00ed!<\/p>\n\n\t\t<style type=\"text\/css\">\n\t\t\t#gallery-1 {\n\t\t\t\tmargin: auto;\n\t\t\t}\n\t\t\t#gallery-1 .gallery-item {\n\t\t\t\tfloat: left;\n\t\t\t\tmargin-top: 10px;\n\t\t\t\ttext-align: center;\n\t\t\t\twidth: 33%;\n\t\t\t}\n\t\t\t#gallery-1 img {\n\t\t\t\tborder: 2px solid #cfcfcf;\n\t\t\t}\n\t\t\t#gallery-1 .gallery-caption {\n\t\t\t\tmargin-left: 0;\n\t\t\t}\n\t\t\t\/* see gallery_shortcode() in wp-includes\/media.php *\/\n\t\t<\/style>\n\t\t<div id='gallery-1' class='gallery galleryid-16194 gallery-columns-3 gallery-size-thumbnail'><dl class='gallery-item'>\n\t\t\t<dt class='gallery-icon landscape'>\n\t\t\t\t<a href='http:\/\/zsjarosovnn.cz\/wp-content\/uploads\/2017\/11\/\u0160D-Proch\u00e1zka-za-histori\u00ed-s-panem-starostou-3.11.-2017-019.jpg' title=\"\" data-rl_title=\"\" class=\"rl-gallery-link\" data-rl_caption=\"\" data-rel=\"lightbox-gallery-1\"><img width=\"150\" height=\"150\" src=\"http:\/\/zsjarosovnn.cz\/wp-content\/uploads\/2017\/11\/\u0160D-Proch\u00e1zka-za-histori\u00ed-s-panem-starostou-3.11.-2017-019-150x150.jpg\" class=\"attachment-thumbnail size-thumbnail\" alt=\"\" decoding=\"async\" loading=\"lazy\" \/><\/a>\n\t\t\t<\/dt><\/dl><dl class='gallery-item'>\n\t\t\t<dt class='gallery-icon landscape'>\n\t\t\t\t<a href='http:\/\/zsjarosovnn.cz\/wp-content\/uploads\/2017\/11\/\u0160D-Proch\u00e1zka-za-histori\u00ed-s-panem-starostou-3.11.-2017-021.jpg' title=\"\" data-rl_title=\"\" class=\"rl-gallery-link\" data-rl_caption=\"\" data-rel=\"lightbox-gallery-1\"><img width=\"150\" height=\"150\" src=\"http:\/\/zsjarosovnn.cz\/wp-content\/uploads\/2017\/11\/\u0160D-Proch\u00e1zka-za-histori\u00ed-s-panem-starostou-3.11.-2017-021-150x150.jpg\" class=\"attachment-thumbnail size-thumbnail\" alt=\"\" decoding=\"async\" loading=\"lazy\" \/><\/a>\n\t\t\t<\/dt><\/dl><dl class='gallery-item'>\n\t\t\t<dt class='gallery-icon landscape'>\n\t\t\t\t<a href='http:\/\/zsjarosovnn.cz\/wp-content\/uploads\/2017\/11\/\u0160D-Proch\u00e1zka-za-histori\u00ed-s-panem-starostou-3.11.-2017-022.jpg' title=\"\" data-rl_title=\"\" class=\"rl-gallery-link\" data-rl_caption=\"\" data-rel=\"lightbox-gallery-1\"><img width=\"150\" height=\"150\" src=\"http:\/\/zsjarosovnn.cz\/wp-content\/uploads\/2017\/11\/\u0160D-Proch\u00e1zka-za-histori\u00ed-s-panem-starostou-3.11.-2017-022-150x150.jpg\" class=\"attachment-thumbnail size-thumbnail\" alt=\"\" decoding=\"async\" loading=\"lazy\" \/><\/a>\n\t\t\t<\/dt><\/dl><br style=\"clear: both\" \/><dl class='gallery-item'>\n\t\t\t<dt class='gallery-icon landscape'>\n\t\t\t\t<a href='http:\/\/zsjarosovnn.cz\/wp-content\/uploads\/2017\/11\/\u0160D-Proch\u00e1zka-za-histori\u00ed-s-panem-starostou-3.11.-2017-023.jpg' title=\"\" data-rl_title=\"\" class=\"rl-gallery-link\" data-rl_caption=\"\" data-rel=\"lightbox-gallery-1\"><img width=\"150\" height=\"150\" src=\"http:\/\/zsjarosovnn.cz\/wp-content\/uploads\/2017\/11\/\u0160D-Proch\u00e1zka-za-histori\u00ed-s-panem-starostou-3.11.-2017-023-150x150.jpg\" class=\"attachment-thumbnail size-thumbnail\" alt=\"\" decoding=\"async\" loading=\"lazy\" \/><\/a>\n\t\t\t<\/dt><\/dl><dl class='gallery-item'>\n\t\t\t<dt class='gallery-icon landscape'>\n\t\t\t\t<a href='http:\/\/zsjarosovnn.cz\/wp-content\/uploads\/2017\/11\/\u0160D-Proch\u00e1zka-za-histori\u00ed-s-panem-starostou-3.11.-2017-024.jpg' title=\"\" data-rl_title=\"\" class=\"rl-gallery-link\" data-rl_caption=\"\" data-rel=\"lightbox-gallery-1\"><img width=\"150\" height=\"150\" src=\"http:\/\/zsjarosovnn.cz\/wp-content\/uploads\/2017\/11\/\u0160D-Proch\u00e1zka-za-histori\u00ed-s-panem-starostou-3.11.-2017-024-150x150.jpg\" class=\"attachment-thumbnail size-thumbnail\" alt=\"\" decoding=\"async\" loading=\"lazy\" \/><\/a>\n\t\t\t<\/dt><\/dl><dl class='gallery-item'>\n\t\t\t<dt class='gallery-icon landscape'>\n\t\t\t\t<a href='http:\/\/zsjarosovnn.cz\/wp-content\/uploads\/2017\/11\/\u0160D-Proch\u00e1zka-za-histori\u00ed-s-panem-starostou-3.11.-2017-025.jpg' title=\"\" data-rl_title=\"\" class=\"rl-gallery-link\" data-rl_caption=\"\" data-rel=\"lightbox-gallery-1\"><img width=\"150\" height=\"150\" src=\"http:\/\/zsjarosovnn.cz\/wp-content\/uploads\/2017\/11\/\u0160D-Proch\u00e1zka-za-histori\u00ed-s-panem-starostou-3.11.-2017-025-150x150.jpg\" class=\"attachment-thumbnail size-thumbnail\" alt=\"\" decoding=\"async\" loading=\"lazy\" \/><\/a>\n\t\t\t<\/dt><\/dl><br style=\"clear: both\" \/><dl class='gallery-item'>\n\t\t\t<dt class='gallery-icon landscape'>\n\t\t\t\t<a href='http:\/\/zsjarosovnn.cz\/wp-content\/uploads\/2017\/11\/\u0160D-Proch\u00e1zka-za-histori\u00ed-s-panem-starostou-3.11.-2017-027.jpg' title=\"\" data-rl_title=\"\" class=\"rl-gallery-link\" data-rl_caption=\"\" data-rel=\"lightbox-gallery-1\"><img width=\"150\" height=\"150\" src=\"http:\/\/zsjarosovnn.cz\/wp-content\/uploads\/2017\/11\/\u0160D-Proch\u00e1zka-za-histori\u00ed-s-panem-starostou-3.11.-2017-027-150x150.jpg\" class=\"attachment-thumbnail size-thumbnail\" alt=\"\" decoding=\"async\" loading=\"lazy\" \/><\/a>\n\t\t\t<\/dt><\/dl><dl class='gallery-item'>\n\t\t\t<dt class='gallery-icon landscape'>\n\t\t\t\t<a href='http:\/\/zsjarosovnn.cz\/wp-content\/uploads\/2017\/11\/\u0160D-Proch\u00e1zka-za-histori\u00ed-s-panem-starostou-3.11.-2017-028.jpg' title=\"\" data-rl_title=\"\" class=\"rl-gallery-link\" data-rl_caption=\"\" data-rel=\"lightbox-gallery-1\"><img width=\"150\" height=\"150\" src=\"http:\/\/zsjarosovnn.cz\/wp-content\/uploads\/2017\/11\/\u0160D-Proch\u00e1zka-za-histori\u00ed-s-panem-starostou-3.11.-2017-028-150x150.jpg\" class=\"attachment-thumbnail size-thumbnail\" alt=\"\" decoding=\"async\" loading=\"lazy\" \/><\/a>\n\t\t\t<\/dt><\/dl><dl class='gallery-item'>\n\t\t\t<dt class='gallery-icon landscape'>\n\t\t\t\t<a href='http:\/\/zsjarosovnn.cz\/wp-content\/uploads\/2017\/11\/\u0160D-Proch\u00e1zka-za-histori\u00ed-s-panem-starostou-3.11.-2017-029.jpg' title=\"\" data-rl_title=\"\" class=\"rl-gallery-link\" data-rl_caption=\"\" data-rel=\"lightbox-gallery-1\"><img width=\"150\" height=\"150\" src=\"http:\/\/zsjarosovnn.cz\/wp-content\/uploads\/2017\/11\/\u0160D-Proch\u00e1zka-za-histori\u00ed-s-panem-starostou-3.11.-2017-029-150x150.jpg\" class=\"attachment-thumbnail size-thumbnail\" alt=\"\" decoding=\"async\" loading=\"lazy\" \/><\/a>\n\t\t\t<\/dt><\/dl><br style=\"clear: both\" \/><dl class='gallery-item'>\n\t\t\t<dt class='gallery-icon landscape'>\n\t\t\t\t<a href='http:\/\/zsjarosovnn.cz\/wp-content\/uploads\/2017\/11\/\u0160D-Proch\u00e1zka-za-histori\u00ed-s-panem-starostou-3.11.-2017-030.jpg' title=\"\" data-rl_title=\"\" class=\"rl-gallery-link\" data-rl_caption=\"\" data-rel=\"lightbox-gallery-1\"><img width=\"150\" height=\"150\" src=\"http:\/\/zsjarosovnn.cz\/wp-content\/uploads\/2017\/11\/\u0160D-Proch\u00e1zka-za-histori\u00ed-s-panem-starostou-3.11.-2017-030-150x150.jpg\" class=\"attachment-thumbnail size-thumbnail\" alt=\"\" decoding=\"async\" loading=\"lazy\" \/><\/a>\n\t\t\t<\/dt><\/dl><dl class='gallery-item'>\n\t\t\t<dt class='gallery-icon landscape'>\n\t\t\t\t<a href='http:\/\/zsjarosovnn.cz\/wp-content\/uploads\/2017\/11\/\u0160D-Proch\u00e1zka-za-histori\u00ed-s-panem-starostou-3.11.-2017-031.jpg' title=\"\" data-rl_title=\"\" class=\"rl-gallery-link\" data-rl_caption=\"\" data-rel=\"lightbox-gallery-1\"><img width=\"150\" height=\"150\" src=\"http:\/\/zsjarosovnn.cz\/wp-content\/uploads\/2017\/11\/\u0160D-Proch\u00e1zka-za-histori\u00ed-s-panem-starostou-3.11.-2017-031-150x150.jpg\" class=\"attachment-thumbnail size-thumbnail\" alt=\"\" decoding=\"async\" loading=\"lazy\" \/><\/a>\n\t\t\t<\/dt><\/dl><dl class='gallery-item'>\n\t\t\t<dt class='gallery-icon landscape'>\n\t\t\t\t<a href='http:\/\/zsjarosovnn.cz\/wp-content\/uploads\/2017\/11\/\u0160D-Proch\u00e1zka-za-histori\u00ed-s-panem-starostou-3.11.-2017-032.jpg' title=\"\" data-rl_title=\"\" class=\"rl-gallery-link\" data-rl_caption=\"\" data-rel=\"lightbox-gallery-1\"><img width=\"150\" height=\"150\" src=\"http:\/\/zsjarosovnn.cz\/wp-content\/uploads\/2017\/11\/\u0160D-Proch\u00e1zka-za-histori\u00ed-s-panem-starostou-3.11.-2017-032-150x150.jpg\" class=\"attachment-thumbnail size-thumbnail\" alt=\"\" decoding=\"async\" loading=\"lazy\" \/><\/a>\n\t\t\t<\/dt><\/dl><br style=\"clear: both\" \/><dl class='gallery-item'>\n\t\t\t<dt class='gallery-icon landscape'>\n\t\t\t\t<a href='http:\/\/zsjarosovnn.cz\/wp-content\/uploads\/2017\/11\/\u0160D-Proch\u00e1zka-za-histori\u00ed-s-panem-starostou-3.11.-2017-033.jpg' title=\"\" data-rl_title=\"\" class=\"rl-gallery-link\" data-rl_caption=\"\" data-rel=\"lightbox-gallery-1\"><img width=\"150\" height=\"150\" src=\"http:\/\/zsjarosovnn.cz\/wp-content\/uploads\/2017\/11\/\u0160D-Proch\u00e1zka-za-histori\u00ed-s-panem-starostou-3.11.-2017-033-150x150.jpg\" class=\"attachment-thumbnail size-thumbnail\" alt=\"\" decoding=\"async\" loading=\"lazy\" \/><\/a>\n\t\t\t<\/dt><\/dl><dl class='gallery-item'>\n\t\t\t<dt class='gallery-icon landscape'>\n\t\t\t\t<a href='http:\/\/zsjarosovnn.cz\/wp-content\/uploads\/2017\/11\/\u0160D-Proch\u00e1zka-za-histori\u00ed-s-panem-starostou-3.11.-2017-034.jpg' title=\"\" data-rl_title=\"\" class=\"rl-gallery-link\" data-rl_caption=\"\" data-rel=\"lightbox-gallery-1\"><img width=\"150\" height=\"150\" src=\"http:\/\/zsjarosovnn.cz\/wp-content\/uploads\/2017\/11\/\u0160D-Proch\u00e1zka-za-histori\u00ed-s-panem-starostou-3.11.-2017-034-150x150.jpg\" class=\"attachment-thumbnail size-thumbnail\" alt=\"\" decoding=\"async\" loading=\"lazy\" \/><\/a>\n\t\t\t<\/dt><\/dl><dl class='gallery-item'>\n\t\t\t<dt class='gallery-icon landscape'>\n\t\t\t\t<a href='http:\/\/zsjarosovnn.cz\/wp-content\/uploads\/2017\/11\/\u0160D-Proch\u00e1zka-za-histori\u00ed-s-panem-starostou-3.11.-2017-035.jpg' title=\"\" data-rl_title=\"\" class=\"rl-gallery-link\" data-rl_caption=\"\" data-rel=\"lightbox-gallery-1\"><img width=\"150\" height=\"150\" src=\"http:\/\/zsjarosovnn.cz\/wp-content\/uploads\/2017\/11\/\u0160D-Proch\u00e1zka-za-histori\u00ed-s-panem-starostou-3.11.-2017-035-150x150.jpg\" class=\"attachment-thumbnail size-thumbnail\" alt=\"\" decoding=\"async\" loading=\"lazy\" \/><\/a>\n\t\t\t<\/dt><\/dl><br style=\"clear: both\" \/><dl class='gallery-item'>\n\t\t\t<dt class='gallery-icon portrait'>\n\t\t\t\t<a href='http:\/\/zsjarosovnn.cz\/wp-content\/uploads\/2017\/11\/\u0160D-Proch\u00e1zka-za-histori\u00ed-s-panem-starostou-3.11.-2017-036.jpg' title=\"\" data-rl_title=\"\" class=\"rl-gallery-link\" data-rl_caption=\"\" data-rel=\"lightbox-gallery-1\"><img width=\"150\" height=\"150\" src=\"http:\/\/zsjarosovnn.cz\/wp-content\/uploads\/2017\/11\/\u0160D-Proch\u00e1zka-za-histori\u00ed-s-panem-starostou-3.11.-2017-036-150x150.jpg\" class=\"attachment-thumbnail size-thumbnail\" alt=\"\" decoding=\"async\" loading=\"lazy\" \/><\/a>\n\t\t\t<\/dt><\/dl><dl class='gallery-item'>\n\t\t\t<dt class='gallery-icon landscape'>\n\t\t\t\t<a href='http:\/\/zsjarosovnn.cz\/wp-content\/uploads\/2017\/11\/\u0160D-Proch\u00e1zka-za-histori\u00ed-s-panem-starostou-3.11.-2017-037.jpg' title=\"\" data-rl_title=\"\" class=\"rl-gallery-link\" data-rl_caption=\"\" data-rel=\"lightbox-gallery-1\"><img width=\"150\" height=\"150\" src=\"http:\/\/zsjarosovnn.cz\/wp-content\/uploads\/2017\/11\/\u0160D-Proch\u00e1zka-za-histori\u00ed-s-panem-starostou-3.11.-2017-037-150x150.jpg\" class=\"attachment-thumbnail size-thumbnail\" alt=\"\" decoding=\"async\" loading=\"lazy\" \/><\/a>\n\t\t\t<\/dt><\/dl><dl class='gallery-item'>\n\t\t\t<dt class='gallery-icon landscape'>\n\t\t\t\t<a href='http:\/\/zsjarosovnn.cz\/wp-content\/uploads\/2017\/11\/\u0160D-Proch\u00e1zka-za-histori\u00ed-s-panem-starostou-3.11.-2017-038.jpg' title=\"\" data-rl_title=\"\" class=\"rl-gallery-link\" data-rl_caption=\"\" data-rel=\"lightbox-gallery-1\"><img width=\"150\" height=\"150\" src=\"http:\/\/zsjarosovnn.cz\/wp-content\/uploads\/2017\/11\/\u0160D-Proch\u00e1zka-za-histori\u00ed-s-panem-starostou-3.11.-2017-038-150x150.jpg\" class=\"attachment-thumbnail size-thumbnail\" alt=\"\" decoding=\"async\" loading=\"lazy\" \/><\/a>\n\t\t\t<\/dt><\/dl><br style=\"clear: both\" \/><dl class='gallery-item'>\n\t\t\t<dt class='gallery-icon landscape'>\n\t\t\t\t<a href='http:\/\/zsjarosovnn.cz\/wp-content\/uploads\/2017\/11\/\u0160D-Proch\u00e1zka-za-histori\u00ed-s-panem-starostou-3.11.-2017-039.jpg' title=\"\" data-rl_title=\"\" class=\"rl-gallery-link\" data-rl_caption=\"\" data-rel=\"lightbox-gallery-1\"><img width=\"150\" height=\"150\" src=\"http:\/\/zsjarosovnn.cz\/wp-content\/uploads\/2017\/11\/\u0160D-Proch\u00e1zka-za-histori\u00ed-s-panem-starostou-3.11.-2017-039-150x150.jpg\" class=\"attachment-thumbnail size-thumbnail\" alt=\"\" decoding=\"async\" loading=\"lazy\" \/><\/a>\n\t\t\t<\/dt><\/dl><dl class='gallery-item'>\n\t\t\t<dt class='gallery-icon landscape'>\n\t\t\t\t<a href='http:\/\/zsjarosovnn.cz\/wp-content\/uploads\/2017\/11\/\u0160D-Proch\u00e1zka-za-histori\u00ed-s-panem-starostou-3.11.-2017-040.jpg' title=\"\" data-rl_title=\"\" class=\"rl-gallery-link\" data-rl_caption=\"\" data-rel=\"lightbox-gallery-1\"><img width=\"150\" height=\"150\" src=\"http:\/\/zsjarosovnn.cz\/wp-content\/uploads\/2017\/11\/\u0160D-Proch\u00e1zka-za-histori\u00ed-s-panem-starostou-3.11.-2017-040-150x150.jpg\" class=\"attachment-thumbnail size-thumbnail\" alt=\"\" decoding=\"async\" loading=\"lazy\" \/><\/a>\n\t\t\t<\/dt><\/dl><dl class='gallery-item'>\n\t\t\t<dt class='gallery-icon landscape'>\n\t\t\t\t<a href='http:\/\/zsjarosovnn.cz\/wp-content\/uploads\/2017\/11\/\u0160D-Proch\u00e1zka-za-histori\u00ed-s-panem-starostou-3.11.-2017-041.jpg' title=\"\" data-rl_title=\"\" class=\"rl-gallery-link\" data-rl_caption=\"\" data-rel=\"lightbox-gallery-1\"><img width=\"150\" height=\"150\" src=\"http:\/\/zsjarosovnn.cz\/wp-content\/uploads\/2017\/11\/\u0160D-Proch\u00e1zka-za-histori\u00ed-s-panem-starostou-3.11.-2017-041-150x150.jpg\" class=\"attachment-thumbnail size-thumbnail\" alt=\"\" decoding=\"async\" loading=\"lazy\" \/><\/a>\n\t\t\t<\/dt><\/dl><br style=\"clear: both\" \/>\n\t\t<\/div>\n\n<p>&nbsp;<\/p>\n","protected":false},"excerpt":{"rendered":"<p>D\u011bkujeme panu starostovi za poutav\u00e9 vypr\u00e1v\u011bn\u00ed a t\u011b\u0161\u00edme se na dal\u0161\u00ed setk\u00e1n\u00ed! &nbsp;<\/p>\n","protected":false},"author":3,"featured_media":0,"comment_status":"closed","ping_status":"closed","sticky":false,"template":"","format":"standard","meta":{"ngg_post_thumbnail":0},"categories":[4],"tags":[],"_links":{"self":[{"href":"http:\/\/zsjarosovnn.cz\/index.php?rest_route=\/wp\/v2\/posts\/16194"}],"collection":[{"href":"http:\/\/zsjarosovnn.cz\/index.php?rest_route=\/wp\/v2\/posts"}],"about":[{"href":"http:\/\/zsjarosovnn.cz\/index.php?rest_route=\/wp\/v2\/types\/post"}],"author":[{"embeddable":true,"href":"http:\/\/zsjarosovnn.cz\/index.php?rest_route=\/wp\/v2\/users\/3"}],"replies":[{"embeddable":true,"href":"http:\/\/zsjarosovnn.cz\/index.php?rest_route=%2Fwp%2Fv2%2Fcomments&post=16194"}],"version-history":[{"count":1,"href":"http:\/\/zsjarosovnn.cz\/index.php?rest_route=\/wp\/v2\/posts\/16194\/revisions"}],"predecessor-version":[{"id":16216,"href":"http:\/\/zsjarosovnn.cz\/index.php?rest_route=\/wp\/v2\/posts\/16194\/revisions\/16216"}],"wp:attachment":[{"href":"http:\/\/zsjarosovnn.cz\/index.php?rest_route=%2Fwp%2Fv2%2Fmedia&parent=16194"}],"wp:term":[{"taxonomy":"category","embeddable":true,"href":"http:\/\/zsjarosovnn.cz\/index.php?rest_route=%2Fwp%2Fv2%2Fcategories&post=16194"},{"taxonomy":"post_tag","embeddable":true,"href":"http:\/\/zsjarosovnn.cz\/index.php?rest_route=%2Fwp%2Fv2%2Ftags&post=16194"}],"curies":[{"name":"wp","href":"https:\/\/api.w.org\/{rel}","templated":true}]}}