{"id":19922,"date":"2018-09-06T17:25:33","date_gmt":"2018-09-06T16:25:33","guid":{"rendered":"http:\/\/zsjarosovnn.cz\/?p=19922"},"modified":"2018-09-06T17:25:33","modified_gmt":"2018-09-06T16:25:33","slug":"zs-babi-leto-na-skolni-zahrade-6-9-2018","status":"publish","type":"post","link":"http:\/\/zsjarosovnn.cz\/?p=19922","title":{"rendered":"Z\u0160 Bab\u00ed l\u00e9to na \u0161koln\u00ed zahrad\u011b &#8211; 6.9. 2018"},"content":{"rendered":"<p>P\u00e1\u0165\u00e1ci relaxuj\u00ed na \u0161koln\u00ed zahrad\u011b&#8230;.<\/p>\n\n\t\t<style type=\"text\/css\">\n\t\t\t#gallery-1 {\n\t\t\t\tmargin: auto;\n\t\t\t}\n\t\t\t#gallery-1 .gallery-item {\n\t\t\t\tfloat: left;\n\t\t\t\tmargin-top: 10px;\n\t\t\t\ttext-align: center;\n\t\t\t\twidth: 33%;\n\t\t\t}\n\t\t\t#gallery-1 img {\n\t\t\t\tborder: 2px solid #cfcfcf;\n\t\t\t}\n\t\t\t#gallery-1 .gallery-caption {\n\t\t\t\tmargin-left: 0;\n\t\t\t}\n\t\t\t\/* see gallery_shortcode() in wp-includes\/media.php *\/\n\t\t<\/style>\n\t\t<div id='gallery-1' class='gallery galleryid-19922 gallery-columns-3 gallery-size-thumbnail'><dl class='gallery-item'>\n\t\t\t<dt class='gallery-icon landscape'>\n\t\t\t\t<a href='http:\/\/zsjarosovnn.cz\/wp-content\/uploads\/2018\/09\/Z\u0160-Bab\u00ed-l\u00e9to-na-\u0161koln\u00ed-zahrad\u011b-6.9.-2016-011-1.jpg' title=\"\" data-rl_title=\"\" class=\"rl-gallery-link\" data-rl_caption=\"\" data-rel=\"lightbox-gallery-1\"><img width=\"150\" height=\"150\" src=\"http:\/\/zsjarosovnn.cz\/wp-content\/uploads\/2018\/09\/Z\u0160-Bab\u00ed-l\u00e9to-na-\u0161koln\u00ed-zahrad\u011b-6.9.-2016-011-1-150x150.jpg\" class=\"attachment-thumbnail size-thumbnail\" alt=\"\" decoding=\"async\" loading=\"lazy\" \/><\/a>\n\t\t\t<\/dt><\/dl><dl class='gallery-item'>\n\t\t\t<dt class='gallery-icon landscape'>\n\t\t\t\t<a href='http:\/\/zsjarosovnn.cz\/wp-content\/uploads\/2018\/09\/Z\u0160-Bab\u00ed-l\u00e9to-na-\u0161koln\u00ed-zahrad\u011b-6.9.-2016-011-2.jpg' title=\"\" data-rl_title=\"\" class=\"rl-gallery-link\" data-rl_caption=\"\" data-rel=\"lightbox-gallery-1\"><img width=\"150\" height=\"150\" src=\"http:\/\/zsjarosovnn.cz\/wp-content\/uploads\/2018\/09\/Z\u0160-Bab\u00ed-l\u00e9to-na-\u0161koln\u00ed-zahrad\u011b-6.9.-2016-011-2-150x150.jpg\" class=\"attachment-thumbnail size-thumbnail\" alt=\"\" decoding=\"async\" loading=\"lazy\" \/><\/a>\n\t\t\t<\/dt><\/dl><dl class='gallery-item'>\n\t\t\t<dt class='gallery-icon landscape'>\n\t\t\t\t<a href='http:\/\/zsjarosovnn.cz\/wp-content\/uploads\/2018\/09\/Z\u0160-Bab\u00ed-l\u00e9to-na-\u0161koln\u00ed-zahrad\u011b-6.9.-2016-011-3.jpg' title=\"\" data-rl_title=\"\" class=\"rl-gallery-link\" data-rl_caption=\"\" data-rel=\"lightbox-gallery-1\"><img width=\"150\" height=\"150\" src=\"http:\/\/zsjarosovnn.cz\/wp-content\/uploads\/2018\/09\/Z\u0160-Bab\u00ed-l\u00e9to-na-\u0161koln\u00ed-zahrad\u011b-6.9.-2016-011-3-150x150.jpg\" class=\"attachment-thumbnail size-thumbnail\" alt=\"\" decoding=\"async\" loading=\"lazy\" \/><\/a>\n\t\t\t<\/dt><\/dl><br style=\"clear: both\" \/><dl class='gallery-item'>\n\t\t\t<dt class='gallery-icon landscape'>\n\t\t\t\t<a href='http:\/\/zsjarosovnn.cz\/wp-content\/uploads\/2018\/09\/Z\u0160-Bab\u00ed-l\u00e9to-na-\u0161koln\u00ed-zahrad\u011b-6.9.-2016-011-4.jpg' title=\"\" data-rl_title=\"\" class=\"rl-gallery-link\" data-rl_caption=\"\" data-rel=\"lightbox-gallery-1\"><img width=\"150\" height=\"150\" src=\"http:\/\/zsjarosovnn.cz\/wp-content\/uploads\/2018\/09\/Z\u0160-Bab\u00ed-l\u00e9to-na-\u0161koln\u00ed-zahrad\u011b-6.9.-2016-011-4-150x150.jpg\" class=\"attachment-thumbnail size-thumbnail\" alt=\"\" decoding=\"async\" loading=\"lazy\" \/><\/a>\n\t\t\t<\/dt><\/dl><dl class='gallery-item'>\n\t\t\t<dt class='gallery-icon landscape'>\n\t\t\t\t<a href='http:\/\/zsjarosovnn.cz\/wp-content\/uploads\/2018\/09\/Z\u0160-Bab\u00ed-l\u00e9to-na-\u0161koln\u00ed-zahrad\u011b-6.9.-2016-011-5.jpg' title=\"\" data-rl_title=\"\" class=\"rl-gallery-link\" data-rl_caption=\"\" data-rel=\"lightbox-gallery-1\"><img width=\"150\" height=\"150\" src=\"http:\/\/zsjarosovnn.cz\/wp-content\/uploads\/2018\/09\/Z\u0160-Bab\u00ed-l\u00e9to-na-\u0161koln\u00ed-zahrad\u011b-6.9.-2016-011-5-150x150.jpg\" class=\"attachment-thumbnail size-thumbnail\" alt=\"\" decoding=\"async\" loading=\"lazy\" \/><\/a>\n\t\t\t<\/dt><\/dl><dl class='gallery-item'>\n\t\t\t<dt class='gallery-icon landscape'>\n\t\t\t\t<a href='http:\/\/zsjarosovnn.cz\/wp-content\/uploads\/2018\/09\/Z\u0160-Bab\u00ed-l\u00e9to-na-\u0161koln\u00ed-zahrad\u011b-6.9.-2016-011-6.jpg' title=\"\" data-rl_title=\"\" class=\"rl-gallery-link\" data-rl_caption=\"\" data-rel=\"lightbox-gallery-1\"><img width=\"150\" height=\"150\" src=\"http:\/\/zsjarosovnn.cz\/wp-content\/uploads\/2018\/09\/Z\u0160-Bab\u00ed-l\u00e9to-na-\u0161koln\u00ed-zahrad\u011b-6.9.-2016-011-6-150x150.jpg\" class=\"attachment-thumbnail size-thumbnail\" alt=\"\" decoding=\"async\" loading=\"lazy\" \/><\/a>\n\t\t\t<\/dt><\/dl><br style=\"clear: both\" \/><dl class='gallery-item'>\n\t\t\t<dt class='gallery-icon landscape'>\n\t\t\t\t<a href='http:\/\/zsjarosovnn.cz\/wp-content\/uploads\/2018\/09\/Z\u0160-Bab\u00ed-l\u00e9to-na-\u0161koln\u00ed-zahrad\u011b-6.9.-2016-011-7.jpg' title=\"\" data-rl_title=\"\" class=\"rl-gallery-link\" data-rl_caption=\"\" data-rel=\"lightbox-gallery-1\"><img width=\"150\" height=\"150\" src=\"http:\/\/zsjarosovnn.cz\/wp-content\/uploads\/2018\/09\/Z\u0160-Bab\u00ed-l\u00e9to-na-\u0161koln\u00ed-zahrad\u011b-6.9.-2016-011-7-150x150.jpg\" class=\"attachment-thumbnail size-thumbnail\" alt=\"\" decoding=\"async\" loading=\"lazy\" \/><\/a>\n\t\t\t<\/dt><\/dl><dl class='gallery-item'>\n\t\t\t<dt class='gallery-icon landscape'>\n\t\t\t\t<a href='http:\/\/zsjarosovnn.cz\/wp-content\/uploads\/2018\/09\/Z\u0160-Bab\u00ed-l\u00e9to-na-\u0161koln\u00ed-zahrad\u011b-6.9.-2016-011-8.jpg' title=\"\" data-rl_title=\"\" class=\"rl-gallery-link\" data-rl_caption=\"\" data-rel=\"lightbox-gallery-1\"><img width=\"150\" height=\"150\" src=\"http:\/\/zsjarosovnn.cz\/wp-content\/uploads\/2018\/09\/Z\u0160-Bab\u00ed-l\u00e9to-na-\u0161koln\u00ed-zahrad\u011b-6.9.-2016-011-8-150x150.jpg\" class=\"attachment-thumbnail size-thumbnail\" alt=\"\" decoding=\"async\" loading=\"lazy\" \/><\/a>\n\t\t\t<\/dt><\/dl><dl class='gallery-item'>\n\t\t\t<dt class='gallery-icon landscape'>\n\t\t\t\t<a href='http:\/\/zsjarosovnn.cz\/wp-content\/uploads\/2018\/09\/Z\u0160-Bab\u00ed-l\u00e9to-na-\u0161koln\u00ed-zahrad\u011b-6.9.-2016-011-9.jpg' title=\"\" data-rl_title=\"\" class=\"rl-gallery-link\" data-rl_caption=\"\" data-rel=\"lightbox-gallery-1\"><img width=\"150\" height=\"150\" src=\"http:\/\/zsjarosovnn.cz\/wp-content\/uploads\/2018\/09\/Z\u0160-Bab\u00ed-l\u00e9to-na-\u0161koln\u00ed-zahrad\u011b-6.9.-2016-011-9-150x150.jpg\" class=\"attachment-thumbnail size-thumbnail\" alt=\"\" decoding=\"async\" loading=\"lazy\" \/><\/a>\n\t\t\t<\/dt><\/dl><br style=\"clear: both\" \/><dl class='gallery-item'>\n\t\t\t<dt class='gallery-icon landscape'>\n\t\t\t\t<a href='http:\/\/zsjarosovnn.cz\/wp-content\/uploads\/2018\/09\/Z\u0160-Bab\u00ed-l\u00e9to-na-\u0161koln\u00ed-zahrad\u011b-6.9.-2016-011-10.jpg' title=\"\" data-rl_title=\"\" class=\"rl-gallery-link\" data-rl_caption=\"\" data-rel=\"lightbox-gallery-1\"><img width=\"150\" height=\"150\" src=\"http:\/\/zsjarosovnn.cz\/wp-content\/uploads\/2018\/09\/Z\u0160-Bab\u00ed-l\u00e9to-na-\u0161koln\u00ed-zahrad\u011b-6.9.-2016-011-10-150x150.jpg\" class=\"attachment-thumbnail size-thumbnail\" alt=\"\" decoding=\"async\" loading=\"lazy\" \/><\/a>\n\t\t\t<\/dt><\/dl><dl class='gallery-item'>\n\t\t\t<dt class='gallery-icon landscape'>\n\t\t\t\t<a href='http:\/\/zsjarosovnn.cz\/wp-content\/uploads\/2018\/09\/Z\u0160-Bab\u00ed-l\u00e9to-na-\u0161koln\u00ed-zahrad\u011b-6.9.-2016-011-11.jpg' title=\"\" data-rl_title=\"\" class=\"rl-gallery-link\" data-rl_caption=\"\" data-rel=\"lightbox-gallery-1\"><img width=\"150\" height=\"150\" src=\"http:\/\/zsjarosovnn.cz\/wp-content\/uploads\/2018\/09\/Z\u0160-Bab\u00ed-l\u00e9to-na-\u0161koln\u00ed-zahrad\u011b-6.9.-2016-011-11-150x150.jpg\" class=\"attachment-thumbnail size-thumbnail\" alt=\"\" decoding=\"async\" loading=\"lazy\" \/><\/a>\n\t\t\t<\/dt><\/dl><dl class='gallery-item'>\n\t\t\t<dt class='gallery-icon landscape'>\n\t\t\t\t<a href='http:\/\/zsjarosovnn.cz\/wp-content\/uploads\/2018\/09\/Z\u0160-Bab\u00ed-l\u00e9to-na-\u0161koln\u00ed-zahrad\u011b-6.9.-2016-011-12.jpg' title=\"\" data-rl_title=\"\" class=\"rl-gallery-link\" data-rl_caption=\"\" data-rel=\"lightbox-gallery-1\"><img width=\"150\" height=\"150\" src=\"http:\/\/zsjarosovnn.cz\/wp-content\/uploads\/2018\/09\/Z\u0160-Bab\u00ed-l\u00e9to-na-\u0161koln\u00ed-zahrad\u011b-6.9.-2016-011-12-150x150.jpg\" class=\"attachment-thumbnail size-thumbnail\" alt=\"\" decoding=\"async\" loading=\"lazy\" \/><\/a>\n\t\t\t<\/dt><\/dl><br style=\"clear: both\" \/><dl class='gallery-item'>\n\t\t\t<dt class='gallery-icon landscape'>\n\t\t\t\t<a href='http:\/\/zsjarosovnn.cz\/wp-content\/uploads\/2018\/09\/Z\u0160-Bab\u00ed-l\u00e9to-na-\u0161koln\u00ed-zahrad\u011b-6.9.-2016-011-13.jpg' title=\"\" data-rl_title=\"\" class=\"rl-gallery-link\" data-rl_caption=\"\" data-rel=\"lightbox-gallery-1\"><img width=\"150\" height=\"150\" src=\"http:\/\/zsjarosovnn.cz\/wp-content\/uploads\/2018\/09\/Z\u0160-Bab\u00ed-l\u00e9to-na-\u0161koln\u00ed-zahrad\u011b-6.9.-2016-011-13-150x150.jpg\" class=\"attachment-thumbnail size-thumbnail\" alt=\"\" decoding=\"async\" loading=\"lazy\" \/><\/a>\n\t\t\t<\/dt><\/dl><dl class='gallery-item'>\n\t\t\t<dt class='gallery-icon landscape'>\n\t\t\t\t<a href='http:\/\/zsjarosovnn.cz\/wp-content\/uploads\/2018\/09\/Z\u0160-Bab\u00ed-l\u00e9to-na-\u0161koln\u00ed-zahrad\u011b-6.9.-2016-011-14.jpg' title=\"\" data-rl_title=\"\" class=\"rl-gallery-link\" data-rl_caption=\"\" data-rel=\"lightbox-gallery-1\"><img width=\"150\" height=\"150\" src=\"http:\/\/zsjarosovnn.cz\/wp-content\/uploads\/2018\/09\/Z\u0160-Bab\u00ed-l\u00e9to-na-\u0161koln\u00ed-zahrad\u011b-6.9.-2016-011-14-150x150.jpg\" class=\"attachment-thumbnail size-thumbnail\" alt=\"\" decoding=\"async\" loading=\"lazy\" \/><\/a>\n\t\t\t<\/dt><\/dl>\n\t\t\t<br style='clear: both' \/>\n\t\t<\/div>\n\n","protected":false},"excerpt":{"rendered":"<p>P\u00e1\u0165\u00e1ci relaxuj\u00ed na \u0161koln\u00ed zahrad\u011b&#8230;.<\/p>\n","protected":false},"author":3,"featured_media":0,"comment_status":"closed","ping_status":"closed","sticky":false,"template":"","format":"standard","meta":{"ngg_post_thumbnail":0},"categories":[14,2],"tags":[],"_links":{"self":[{"href":"http:\/\/zsjarosovnn.cz\/index.php?rest_route=\/wp\/v2\/posts\/19922"}],"collection":[{"href":"http:\/\/zsjarosovnn.cz\/index.php?rest_route=\/wp\/v2\/posts"}],"about":[{"href":"http:\/\/zsjarosovnn.cz\/index.php?rest_route=\/wp\/v2\/types\/post"}],"author":[{"embeddable":true,"href":"http:\/\/zsjarosovnn.cz\/index.php?rest_route=\/wp\/v2\/users\/3"}],"replies":[{"embeddable":true,"href":"http:\/\/zsjarosovnn.cz\/index.php?rest_route=%2Fwp%2Fv2%2Fcomments&post=19922"}],"version-history":[{"count":1,"href":"http:\/\/zsjarosovnn.cz\/index.php?rest_route=\/wp\/v2\/posts\/19922\/revisions"}],"predecessor-version":[{"id":19937,"href":"http:\/\/zsjarosovnn.cz\/index.php?rest_route=\/wp\/v2\/posts\/19922\/revisions\/19937"}],"wp:attachment":[{"href":"http:\/\/zsjarosovnn.cz\/index.php?rest_route=%2Fwp%2Fv2%2Fmedia&parent=19922"}],"wp:term":[{"taxonomy":"category","embeddable":true,"href":"http:\/\/zsjarosovnn.cz\/index.php?rest_route=%2Fwp%2Fv2%2Fcategories&post=19922"},{"taxonomy":"post_tag","embeddable":true,"href":"http:\/\/zsjarosovnn.cz\/index.php?rest_route=%2Fwp%2Fv2%2Ftags&post=19922"}],"curies":[{"name":"wp","href":"https:\/\/api.w.org\/{rel}","templated":true}]}}