{"id":20142,"date":"2018-09-30T22:08:33","date_gmt":"2018-09-30T21:08:33","guid":{"rendered":"http:\/\/zsjarosovnn.cz\/?p=20142"},"modified":"2018-09-30T22:15:56","modified_gmt":"2018-09-30T21:15:56","slug":"ms-lesni-den-motylci-25-9-2018","status":"publish","type":"post","link":"http:\/\/zsjarosovnn.cz\/?p=20142","title":{"rendered":"M\u0160 &#8211; Lesn\u00ed den Mot\u00fdlci &#8211; 25. 9. 2018"},"content":{"rendered":"<p>Je to tady! Podzim p\u0159i\u0161el a my jeho p\u0159\u00edchod poc\u00edtili na vlastn\u00ed k\u016f\u017ei. Zat\u00edm je\u0161t\u011b nedostate\u010dn\u011b aklimatizovan\u00ed na chladn\u00e9 po\u010das\u00ed, jsme se zah\u0159\u00edvali ch\u016fz\u00ed. Ani slun\u00ed\u010dku se dnes p\u0159\u00edli\u0161 h\u0159\u00e1t necht\u011blo. Cestou jsme sledovali nakl\u00e1d\u00e1n\u00ed \u017eelezn\u00e9ho \u0161rotu na vag\u00f3n a sna\u017eili se p\u0159ij\u00edt na to, kam s\u00a0n\u00edm vag\u00f3nek pojede. Dov\u011bd\u011bli jsme se o \u201erecyklaci\u201c a o tom, jak je d\u016fle\u017eit\u00e9 pro p\u0159\u00edrodu i pro n\u00e1s vyhazovat odpad do sb\u011bru a ne t\u0159eba do lesa nebo rybn\u00edka. Cestou jsme napo\u010d\u00edtali vag\u00f3nky a sledovali zabarven\u00ed list\u016f na stromech. Proto\u017ee n\u00e1m byla zima, p\u0159i\u0161li jsme do \u0161kolky o tro\u0161ku d\u0159\u00edv a tento \u010das vyu\u017eili ke\u00a0h\u0159e s\u00a0po\u010d\u00edt\u00e1n\u00edm nasb\u00edran\u00fdch list\u016f.<\/p>\n\n\t\t<style type=\"text\/css\">\n\t\t\t#gallery-1 {\n\t\t\t\tmargin: auto;\n\t\t\t}\n\t\t\t#gallery-1 .gallery-item {\n\t\t\t\tfloat: left;\n\t\t\t\tmargin-top: 10px;\n\t\t\t\ttext-align: center;\n\t\t\t\twidth: 33%;\n\t\t\t}\n\t\t\t#gallery-1 img {\n\t\t\t\tborder: 2px solid #cfcfcf;\n\t\t\t}\n\t\t\t#gallery-1 .gallery-caption {\n\t\t\t\tmargin-left: 0;\n\t\t\t}\n\t\t\t\/* see gallery_shortcode() in wp-includes\/media.php *\/\n\t\t<\/style>\n\t\t<div id='gallery-1' class='gallery galleryid-20142 gallery-columns-3 gallery-size-thumbnail'><dl class='gallery-item'>\n\t\t\t<dt class='gallery-icon landscape'>\n\t\t\t\t<a href='http:\/\/zsjarosovnn.cz\/wp-content\/uploads\/2018\/09\/P1220220.jpg' title=\"\" data-rl_title=\"\" class=\"rl-gallery-link\" data-rl_caption=\"\" data-rel=\"lightbox-gallery-1\"><img width=\"150\" height=\"150\" src=\"http:\/\/zsjarosovnn.cz\/wp-content\/uploads\/2018\/09\/P1220220-150x150.jpg\" class=\"attachment-thumbnail size-thumbnail\" alt=\"\" decoding=\"async\" loading=\"lazy\" \/><\/a>\n\t\t\t<\/dt><\/dl><dl class='gallery-item'>\n\t\t\t<dt class='gallery-icon landscape'>\n\t\t\t\t<a href='http:\/\/zsjarosovnn.cz\/wp-content\/uploads\/2018\/09\/P1220223.jpg' title=\"\" data-rl_title=\"\" class=\"rl-gallery-link\" data-rl_caption=\"\" data-rel=\"lightbox-gallery-1\"><img width=\"150\" height=\"150\" src=\"http:\/\/zsjarosovnn.cz\/wp-content\/uploads\/2018\/09\/P1220223-150x150.jpg\" class=\"attachment-thumbnail size-thumbnail\" alt=\"\" decoding=\"async\" loading=\"lazy\" \/><\/a>\n\t\t\t<\/dt><\/dl><dl class='gallery-item'>\n\t\t\t<dt class='gallery-icon landscape'>\n\t\t\t\t<a href='http:\/\/zsjarosovnn.cz\/wp-content\/uploads\/2018\/09\/P1220225.jpg' title=\"\" data-rl_title=\"\" class=\"rl-gallery-link\" data-rl_caption=\"\" data-rel=\"lightbox-gallery-1\"><img width=\"150\" height=\"150\" src=\"http:\/\/zsjarosovnn.cz\/wp-content\/uploads\/2018\/09\/P1220225-150x150.jpg\" class=\"attachment-thumbnail size-thumbnail\" alt=\"\" decoding=\"async\" loading=\"lazy\" \/><\/a>\n\t\t\t<\/dt><\/dl><br style=\"clear: both\" \/>\n\t\t<\/div>\n\n","protected":false},"excerpt":{"rendered":"<p>Je to tady! Podzim p\u0159i\u0161el a my jeho p\u0159\u00edchod poc\u00edtili na vlastn\u00ed k\u016f\u017ei. Zat\u00edm je\u0161t\u011b nedostate\u010dn\u011b aklimatizovan\u00ed na chladn\u00e9 po\u010das\u00ed, jsme se zah\u0159\u00edvali ch\u016fz\u00ed. Ani slun\u00ed\u010dku se dnes p\u0159\u00edli\u0161 h\u0159\u00e1t necht\u011blo. Cestou jsme sledovali nakl\u00e1d\u00e1n\u00ed \u017eelezn\u00e9ho \u0161rotu na vag\u00f3n a sna\u017eili se p\u0159ij\u00edt na to, kam s\u00a0n\u00edm vag\u00f3nek pojede. Dov\u011bd\u011bli jsme se o \u201erecyklaci\u201c a<span class=\"more-excerpt\"><a class=\"more-excerpt-link\" href=\"http:\/\/zsjarosovnn.cz\/?p=20142\"> (continue reading&#8230;)  <\/a><\/span><\/p>\n","protected":false},"author":2,"featured_media":0,"comment_status":"closed","ping_status":"closed","sticky":false,"template":"","format":"gallery","meta":{"ngg_post_thumbnail":0},"categories":[4],"tags":[],"_links":{"self":[{"href":"http:\/\/zsjarosovnn.cz\/index.php?rest_route=\/wp\/v2\/posts\/20142"}],"collection":[{"href":"http:\/\/zsjarosovnn.cz\/index.php?rest_route=\/wp\/v2\/posts"}],"about":[{"href":"http:\/\/zsjarosovnn.cz\/index.php?rest_route=\/wp\/v2\/types\/post"}],"author":[{"embeddable":true,"href":"http:\/\/zsjarosovnn.cz\/index.php?rest_route=\/wp\/v2\/users\/2"}],"replies":[{"embeddable":true,"href":"http:\/\/zsjarosovnn.cz\/index.php?rest_route=%2Fwp%2Fv2%2Fcomments&post=20142"}],"version-history":[{"count":1,"href":"http:\/\/zsjarosovnn.cz\/index.php?rest_route=\/wp\/v2\/posts\/20142\/revisions"}],"predecessor-version":[{"id":20146,"href":"http:\/\/zsjarosovnn.cz\/index.php?rest_route=\/wp\/v2\/posts\/20142\/revisions\/20146"}],"wp:attachment":[{"href":"http:\/\/zsjarosovnn.cz\/index.php?rest_route=%2Fwp%2Fv2%2Fmedia&parent=20142"}],"wp:term":[{"taxonomy":"category","embeddable":true,"href":"http:\/\/zsjarosovnn.cz\/index.php?rest_route=%2Fwp%2Fv2%2Fcategories&post=20142"},{"taxonomy":"post_tag","embeddable":true,"href":"http:\/\/zsjarosovnn.cz\/index.php?rest_route=%2Fwp%2Fv2%2Ftags&post=20142"}],"curies":[{"name":"wp","href":"https:\/\/api.w.org\/{rel}","templated":true}]}}