{"id":2579,"date":"2014-04-22T14:52:03","date_gmt":"2014-04-22T13:52:03","guid":{"rendered":"http:\/\/zsjarosovnn.cz\/?p=2579"},"modified":"2014-04-30T13:21:39","modified_gmt":"2014-04-30T12:21:39","slug":"zs-vratecky-picasso-15-4-2014","status":"publish","type":"post","link":"http:\/\/zsjarosovnn.cz\/?p=2579","title":{"rendered":"Z\u0160 &#8211; Vr\u00e1teck\u00fd Picasso &#8211; 15. 4. 2014"},"content":{"rendered":"<p>V \u00fater\u00fd 15. dubna 2014\u00a0se vybran\u00ed \u017e\u00e1ci na\u0161\u00ed \u0161koly stejn\u011b jako v minul\u00fdch letech z\u00fa\u010dastnili v\u00fdtvarn\u00e9 \u00a0sout\u011b\u017ee Vr\u00e1teck\u00fd Picasso v \u010cesk\u00fdch Bud\u011bjovic\u00edch. Na\u0161i \u0161kolu reprezentovali Violka Kr\u00e1tk\u00e1 (1. ro\u010dn\u00edk), Tom\u00e1\u0161 Stoklasa (3. ro\u010dn\u00edk)\u00a0a Petra Paarov\u00e1 (5. ro\u010dn\u00edk). Obr\u00e1zky na\u0161ich sout\u011b\u017e\u00edc\u00edch\u00a0na t\u00e9ma &#8222;M\u016fj voln\u00fd den&#8220; byly zda\u0159il\u00e9, v t\u011b\u017ek\u00e9 konkurenci dal\u0161\u00edch sedmi m\u00e1lot\u0159\u00eddn\u00edch \u0161kol v\u0161ak na ocen\u011bn\u00ed nedos\u00e1hly. Nevad\u00ed, t\u0159eba za rok&#8230;V\u0161em sout\u011b\u017e\u00edc\u00edm d\u011bkujeme za reprezentaci \u0161koly a p\u0159ejeme hodn\u011b v\u00fdtvarn\u00fdch n\u00e1pad\u016f!<\/p>\n\n\t\t<style type=\"text\/css\">\n\t\t\t#gallery-1 {\n\t\t\t\tmargin: auto;\n\t\t\t}\n\t\t\t#gallery-1 .gallery-item {\n\t\t\t\tfloat: left;\n\t\t\t\tmargin-top: 10px;\n\t\t\t\ttext-align: center;\n\t\t\t\twidth: 33%;\n\t\t\t}\n\t\t\t#gallery-1 img {\n\t\t\t\tborder: 2px solid #cfcfcf;\n\t\t\t}\n\t\t\t#gallery-1 .gallery-caption {\n\t\t\t\tmargin-left: 0;\n\t\t\t}\n\t\t\t\/* see gallery_shortcode() in wp-includes\/media.php *\/\n\t\t<\/style>\n\t\t<div id='gallery-1' class='gallery galleryid-2579 gallery-columns-3 gallery-size-thumbnail'><dl class='gallery-item'>\n\t\t\t<dt class='gallery-icon landscape'>\n\t\t\t\t<a href='http:\/\/zsjarosovnn.cz\/wp-content\/uploads\/2014\/04\/Vr\u00e1teck\u00fd-Picasso-15.-4.-2014-001.jpg' title=\"\" data-rl_title=\"\" class=\"rl-gallery-link\" data-rl_caption=\"\" data-rel=\"lightbox-gallery-1\"><img width=\"150\" height=\"150\" src=\"http:\/\/zsjarosovnn.cz\/wp-content\/uploads\/2014\/04\/Vr\u00e1teck\u00fd-Picasso-15.-4.-2014-001-150x150.jpg\" class=\"attachment-thumbnail size-thumbnail\" alt=\"\" decoding=\"async\" loading=\"lazy\" \/><\/a>\n\t\t\t<\/dt><\/dl><dl class='gallery-item'>\n\t\t\t<dt class='gallery-icon landscape'>\n\t\t\t\t<a href='http:\/\/zsjarosovnn.cz\/wp-content\/uploads\/2014\/04\/Vr\u00e1teck\u00fd-Picasso-15.-4.-2014-002.jpg' title=\"\" data-rl_title=\"\" class=\"rl-gallery-link\" data-rl_caption=\"\" data-rel=\"lightbox-gallery-1\"><img width=\"150\" height=\"150\" src=\"http:\/\/zsjarosovnn.cz\/wp-content\/uploads\/2014\/04\/Vr\u00e1teck\u00fd-Picasso-15.-4.-2014-002-150x150.jpg\" class=\"attachment-thumbnail size-thumbnail\" alt=\"\" decoding=\"async\" loading=\"lazy\" \/><\/a>\n\t\t\t<\/dt><\/dl><dl class='gallery-item'>\n\t\t\t<dt class='gallery-icon landscape'>\n\t\t\t\t<a href='http:\/\/zsjarosovnn.cz\/wp-content\/uploads\/2014\/04\/Vr\u00e1teck\u00fd-Picasso-15.-4.-2014-0011.jpg' title=\"\" data-rl_title=\"\" class=\"rl-gallery-link\" data-rl_caption=\"\" data-rel=\"lightbox-gallery-1\"><img width=\"150\" height=\"150\" src=\"http:\/\/zsjarosovnn.cz\/wp-content\/uploads\/2014\/04\/Vr\u00e1teck\u00fd-Picasso-15.-4.-2014-0011-150x150.jpg\" class=\"attachment-thumbnail size-thumbnail\" alt=\"\" decoding=\"async\" loading=\"lazy\" \/><\/a>\n\t\t\t<\/dt><\/dl><br style=\"clear: both\" \/><dl class='gallery-item'>\n\t\t\t<dt class='gallery-icon landscape'>\n\t\t\t\t<a href='http:\/\/zsjarosovnn.cz\/wp-content\/uploads\/2014\/04\/Vr\u00e1teck\u00fd-Picasso-15.-4.-2014-0021.jpg' title=\"\" data-rl_title=\"\" class=\"rl-gallery-link\" data-rl_caption=\"\" data-rel=\"lightbox-gallery-1\"><img width=\"150\" height=\"150\" src=\"http:\/\/zsjarosovnn.cz\/wp-content\/uploads\/2014\/04\/Vr\u00e1teck\u00fd-Picasso-15.-4.-2014-0021-150x150.jpg\" class=\"attachment-thumbnail size-thumbnail\" alt=\"\" decoding=\"async\" loading=\"lazy\" \/><\/a>\n\t\t\t<\/dt><\/dl><dl class='gallery-item'>\n\t\t\t<dt class='gallery-icon landscape'>\n\t\t\t\t<a href='http:\/\/zsjarosovnn.cz\/wp-content\/uploads\/2014\/04\/Vr\u00e1teck\u00fd-Picasso-15.-4.-2014-005.jpg' title=\"\" data-rl_title=\"\" class=\"rl-gallery-link\" data-rl_caption=\"\" data-rel=\"lightbox-gallery-1\"><img width=\"150\" height=\"150\" src=\"http:\/\/zsjarosovnn.cz\/wp-content\/uploads\/2014\/04\/Vr\u00e1teck\u00fd-Picasso-15.-4.-2014-005-150x150.jpg\" class=\"attachment-thumbnail size-thumbnail\" alt=\"\" decoding=\"async\" loading=\"lazy\" \/><\/a>\n\t\t\t<\/dt><\/dl><dl class='gallery-item'>\n\t\t\t<dt class='gallery-icon landscape'>\n\t\t\t\t<a href='http:\/\/zsjarosovnn.cz\/wp-content\/uploads\/2014\/04\/Vr\u00e1teck\u00fd-Picasso-15.-4.-2014-006.jpg' title=\"\" data-rl_title=\"\" class=\"rl-gallery-link\" data-rl_caption=\"\" data-rel=\"lightbox-gallery-1\"><img width=\"150\" height=\"150\" src=\"http:\/\/zsjarosovnn.cz\/wp-content\/uploads\/2014\/04\/Vr\u00e1teck\u00fd-Picasso-15.-4.-2014-006-150x150.jpg\" class=\"attachment-thumbnail size-thumbnail\" alt=\"\" decoding=\"async\" loading=\"lazy\" \/><\/a>\n\t\t\t<\/dt><\/dl><br style=\"clear: both\" \/><dl class='gallery-item'>\n\t\t\t<dt class='gallery-icon landscape'>\n\t\t\t\t<a href='http:\/\/zsjarosovnn.cz\/wp-content\/uploads\/2014\/04\/Vr\u00e1teck\u00fd-Picasso-15.-4.-2014-007.jpg' title=\"\" data-rl_title=\"\" class=\"rl-gallery-link\" data-rl_caption=\"\" data-rel=\"lightbox-gallery-1\"><img width=\"150\" height=\"150\" src=\"http:\/\/zsjarosovnn.cz\/wp-content\/uploads\/2014\/04\/Vr\u00e1teck\u00fd-Picasso-15.-4.-2014-007-150x150.jpg\" class=\"attachment-thumbnail size-thumbnail\" alt=\"\" decoding=\"async\" loading=\"lazy\" \/><\/a>\n\t\t\t<\/dt><\/dl><dl class='gallery-item'>\n\t\t\t<dt class='gallery-icon landscape'>\n\t\t\t\t<a href='http:\/\/zsjarosovnn.cz\/wp-content\/uploads\/2014\/04\/Vr\u00e1teck\u00fd-Picasso-15.-4.-2014-008.jpg' title=\"\" data-rl_title=\"\" class=\"rl-gallery-link\" data-rl_caption=\"\" data-rel=\"lightbox-gallery-1\"><img width=\"150\" height=\"150\" src=\"http:\/\/zsjarosovnn.cz\/wp-content\/uploads\/2014\/04\/Vr\u00e1teck\u00fd-Picasso-15.-4.-2014-008-150x150.jpg\" class=\"attachment-thumbnail size-thumbnail\" alt=\"\" decoding=\"async\" loading=\"lazy\" \/><\/a>\n\t\t\t<\/dt><\/dl><dl class='gallery-item'>\n\t\t\t<dt class='gallery-icon landscape'>\n\t\t\t\t<a href='http:\/\/zsjarosovnn.cz\/wp-content\/uploads\/2014\/04\/Vr\u00e1teck\u00fd-Picasso-15.-4.-2014-009.jpg' title=\"\" data-rl_title=\"\" class=\"rl-gallery-link\" data-rl_caption=\"\" data-rel=\"lightbox-gallery-1\"><img width=\"150\" height=\"150\" src=\"http:\/\/zsjarosovnn.cz\/wp-content\/uploads\/2014\/04\/Vr\u00e1teck\u00fd-Picasso-15.-4.-2014-009-150x150.jpg\" class=\"attachment-thumbnail size-thumbnail\" alt=\"\" decoding=\"async\" loading=\"lazy\" \/><\/a>\n\t\t\t<\/dt><\/dl><br style=\"clear: both\" \/><dl class='gallery-item'>\n\t\t\t<dt class='gallery-icon landscape'>\n\t\t\t\t<a href='http:\/\/zsjarosovnn.cz\/wp-content\/uploads\/2014\/04\/Vr\u00e1teck\u00fd-Picasso-15.-4.-2014-010.jpg' title=\"\" data-rl_title=\"\" class=\"rl-gallery-link\" data-rl_caption=\"\" data-rel=\"lightbox-gallery-1\"><img width=\"150\" height=\"150\" src=\"http:\/\/zsjarosovnn.cz\/wp-content\/uploads\/2014\/04\/Vr\u00e1teck\u00fd-Picasso-15.-4.-2014-010-150x150.jpg\" class=\"attachment-thumbnail size-thumbnail\" alt=\"\" decoding=\"async\" loading=\"lazy\" \/><\/a>\n\t\t\t<\/dt><\/dl>\n\t\t\t<br style='clear: both' \/>\n\t\t<\/div>\n\n","protected":false},"excerpt":{"rendered":"<p>V \u00fater\u00fd 15. dubna 2014\u00a0se vybran\u00ed \u017e\u00e1ci na\u0161\u00ed \u0161koly stejn\u011b jako v minul\u00fdch letech z\u00fa\u010dastnili v\u00fdtvarn\u00e9 \u00a0sout\u011b\u017ee Vr\u00e1teck\u00fd Picasso v \u010cesk\u00fdch Bud\u011bjovic\u00edch. Na\u0161i \u0161kolu reprezentovali Violka Kr\u00e1tk\u00e1 (1. ro\u010dn\u00edk), Tom\u00e1\u0161 Stoklasa (3. ro\u010dn\u00edk)\u00a0a Petra Paarov\u00e1 (5. ro\u010dn\u00edk). Obr\u00e1zky na\u0161ich sout\u011b\u017e\u00edc\u00edch\u00a0na t\u00e9ma &#8222;M\u016fj voln\u00fd den&#8220; byly zda\u0159il\u00e9, v t\u011b\u017ek\u00e9 konkurenci dal\u0161\u00edch sedmi m\u00e1lot\u0159\u00eddn\u00edch \u0161kol v\u0161ak na<span class=\"more-excerpt\"><a class=\"more-excerpt-link\" href=\"http:\/\/zsjarosovnn.cz\/?p=2579\"> (continue reading&#8230;)  <\/a><\/span><\/p>\n","protected":false},"author":2,"featured_media":0,"comment_status":"closed","ping_status":"closed","sticky":false,"template":"","format":"gallery","meta":{"ngg_post_thumbnail":0},"categories":[2],"tags":[],"_links":{"self":[{"href":"http:\/\/zsjarosovnn.cz\/index.php?rest_route=\/wp\/v2\/posts\/2579"}],"collection":[{"href":"http:\/\/zsjarosovnn.cz\/index.php?rest_route=\/wp\/v2\/posts"}],"about":[{"href":"http:\/\/zsjarosovnn.cz\/index.php?rest_route=\/wp\/v2\/types\/post"}],"author":[{"embeddable":true,"href":"http:\/\/zsjarosovnn.cz\/index.php?rest_route=\/wp\/v2\/users\/2"}],"replies":[{"embeddable":true,"href":"http:\/\/zsjarosovnn.cz\/index.php?rest_route=%2Fwp%2Fv2%2Fcomments&post=2579"}],"version-history":[{"count":3,"href":"http:\/\/zsjarosovnn.cz\/index.php?rest_route=\/wp\/v2\/posts\/2579\/revisions"}],"predecessor-version":[{"id":2811,"href":"http:\/\/zsjarosovnn.cz\/index.php?rest_route=\/wp\/v2\/posts\/2579\/revisions\/2811"}],"wp:attachment":[{"href":"http:\/\/zsjarosovnn.cz\/index.php?rest_route=%2Fwp%2Fv2%2Fmedia&parent=2579"}],"wp:term":[{"taxonomy":"category","embeddable":true,"href":"http:\/\/zsjarosovnn.cz\/index.php?rest_route=%2Fwp%2Fv2%2Fcategories&post=2579"},{"taxonomy":"post_tag","embeddable":true,"href":"http:\/\/zsjarosovnn.cz\/index.php?rest_route=%2Fwp%2Fv2%2Ftags&post=2579"}],"curies":[{"name":"wp","href":"https:\/\/api.w.org\/{rel}","templated":true}]}}