{"id":2896,"date":"2014-04-27T21:57:04","date_gmt":"2014-04-27T20:57:04","guid":{"rendered":"http:\/\/zsjarosovnn.cz\/?p=2896"},"modified":"2014-05-12T16:29:09","modified_gmt":"2014-05-12T15:29:09","slug":"ms-co-nas-ceka-v-kvetnu-motylci","status":"publish","type":"post","link":"http:\/\/zsjarosovnn.cz\/?p=2896","title":{"rendered":"M\u0160 &#8211; Mot\u00fdlci &#8211; Co n\u00e1s \u010dek\u00e1 v kv\u011btnu"},"content":{"rendered":"<p><span style=\"color: #800000;\"><b><span style=\"text-decoration: underline;\">\u00a06<\/span><\/b><b><span style=\"text-decoration: underline;\">.5.\u00a0 N\u00c1V\u0160T\u011aVA SB\u011aRN\u00c9HO DVORA<\/span><\/b><\/span><\/p>\n<p>B\u011bhem dopoledne<\/p>\n<p><span style=\"color: #800000;\"><b><span style=\"text-decoration: underline;\"><del>14.5.<\/del> OH\u00ddNEK S OP\u00c9K\u00c1N\u00cdM &#8211; <em><b>P\u0158ELO\u017dENO Z D\u016eVODU NEVYHOVUJ\u00cdC\u00cdHO PO\u010cAS\u00cd!<\/b><\/em><\/span><\/b><\/span><\/p>\n<p>ZAHRADA M\u0160 \u2013 DOPOLEDNE,<\/p>\n<p>podle po\u010das\u00ed.<\/p>\n<p><span style=\"color: #800000;\"><b><span style=\"text-decoration: underline;\">21.5. N\u00c1V\u0160T\u011aVA KONCERTU<\/span><\/b><\/span><\/p>\n<p>ZU\u0160\u00a0 v J.Hradci<\/p>\n<p>odjezd v 8.30,<\/p>\n<p>vstupn\u00e9 zdarma, platba pouze za autobus,<br \/>\n\u00fa\u010dastn\u00ed se \u0161kol\u00e1ci.<\/p>\n<p><span style=\"color: #800000;\"><b><span style=\"text-decoration: underline;\">26.5. V\u00ddLET DO T\u00c1BORA<\/span><\/b><\/span><\/p>\n<p>prohl\u00eddka muzea \u010dokol\u00e1dy a marcip\u00e1nu,<\/p>\n<p>vstupn\u00e9 30,-K\u010d + cestovn\u00e9,<\/p>\n<p>odjezd v 7.30 hodin,<\/p>\n<p>pohodln\u00e9 oble\u010den\u00ed podle po\u010das\u00ed, bat\u016f\u017eek s pl\u00e1\u0161t\u011bnkou, kapesn\u00edky a malou sladkost\u00ed bez \u010dokol\u00e1dy,<\/p>\n<p>mo\u017en\u00e1 nav\u0161t\u00edv\u00edme i muzeum Lega.<\/p>\n<p><span style=\"color: #800000;\"><b><span style=\"text-decoration: underline;\">29.5. SOUT\u011a\u017dN\u00cd DOPOLEDNE KE DD<\/span><\/b><\/span><\/p>\n<p>na zahrad\u011b M\u0160<\/p>\n<p><span style=\"color: #800000;\"><b><span style=\"text-decoration: underline;\">30.5. DOPRAVN\u00cd\u00a0 H\u0158I\u0160T\u011a V J.H. DDM<\/span><\/b><\/span><\/p>\n<p>odjezd v 9.00,<\/p>\n<p>v\u0161e zdarma<\/p>\n","protected":false},"excerpt":{"rendered":"<p>\u00a06.5.\u00a0 N\u00c1V\u0160T\u011aVA SB\u011aRN\u00c9HO DVORA B\u011bhem dopoledne 14.5. OH\u00ddNEK S OP\u00c9K\u00c1N\u00cdM &#8211; P\u0158ELO\u017dENO Z D\u016eVODU NEVYHOVUJ\u00cdC\u00cdHO PO\u010cAS\u00cd! ZAHRADA M\u0160 \u2013 DOPOLEDNE, podle po\u010das\u00ed. 21.5. N\u00c1V\u0160T\u011aVA KONCERTU ZU\u0160\u00a0 v J.Hradci odjezd v 8.30, vstupn\u00e9 zdarma, platba pouze za autobus, \u00fa\u010dastn\u00ed se \u0161kol\u00e1ci. 26.5. V\u00ddLET DO T\u00c1BORA prohl\u00eddka muzea \u010dokol\u00e1dy a marcip\u00e1nu, vstupn\u00e9 30,-K\u010d + cestovn\u00e9, odjezd v<span class=\"more-excerpt\"><a class=\"more-excerpt-link\" href=\"http:\/\/zsjarosovnn.cz\/?p=2896\"> (continue reading&#8230;)  <\/a><\/span><\/p>\n","protected":false},"author":2,"featured_media":0,"comment_status":"closed","ping_status":"closed","sticky":false,"template":"","format":"standard","meta":{"ngg_post_thumbnail":0},"categories":[4],"tags":[],"_links":{"self":[{"href":"http:\/\/zsjarosovnn.cz\/index.php?rest_route=\/wp\/v2\/posts\/2896"}],"collection":[{"href":"http:\/\/zsjarosovnn.cz\/index.php?rest_route=\/wp\/v2\/posts"}],"about":[{"href":"http:\/\/zsjarosovnn.cz\/index.php?rest_route=\/wp\/v2\/types\/post"}],"author":[{"embeddable":true,"href":"http:\/\/zsjarosovnn.cz\/index.php?rest_route=\/wp\/v2\/users\/2"}],"replies":[{"embeddable":true,"href":"http:\/\/zsjarosovnn.cz\/index.php?rest_route=%2Fwp%2Fv2%2Fcomments&post=2896"}],"version-history":[{"count":8,"href":"http:\/\/zsjarosovnn.cz\/index.php?rest_route=\/wp\/v2\/posts\/2896\/revisions"}],"predecessor-version":[{"id":3039,"href":"http:\/\/zsjarosovnn.cz\/index.php?rest_route=\/wp\/v2\/posts\/2896\/revisions\/3039"}],"wp:attachment":[{"href":"http:\/\/zsjarosovnn.cz\/index.php?rest_route=%2Fwp%2Fv2%2Fmedia&parent=2896"}],"wp:term":[{"taxonomy":"category","embeddable":true,"href":"http:\/\/zsjarosovnn.cz\/index.php?rest_route=%2Fwp%2Fv2%2Fcategories&post=2896"},{"taxonomy":"post_tag","embeddable":true,"href":"http:\/\/zsjarosovnn.cz\/index.php?rest_route=%2Fwp%2Fv2%2Ftags&post=2896"}],"curies":[{"name":"wp","href":"https:\/\/api.w.org\/{rel}","templated":true}]}}