{"id":32195,"date":"2020-11-13T23:03:08","date_gmt":"2020-11-13T22:03:08","guid":{"rendered":"http:\/\/zsjarosovnn.cz\/?p=32195"},"modified":"2020-11-13T23:21:37","modified_gmt":"2020-11-13T22:21:37","slug":"informace-k-provozu-skol-od-18-listopadu-2020","status":"publish","type":"post","link":"http:\/\/zsjarosovnn.cz\/?p=32195","title":{"rendered":"Informace k provozu \u0161kol od 18. listopadu 2020"},"content":{"rendered":"<hr>\n<p style=\"text-align: center;\"><span style=\"color: rgb(255, 0, 0);\">INFORMACE&nbsp; K PROVOZU&nbsp; \u0160KOLY&nbsp; OD&nbsp; 18. 11. 2020<\/span><\/p>\n<p style=\"text-align: center;\">&nbsp;<\/p>\n<p style=\"text-align: left;\">Na z\u00e1klad\u011b rozhodnut\u00ed M\u0160MT ze dne 11.11.2020<strong> je od 18. 11. 2020&nbsp; povolena prezen\u010dn\u00ed v\u00fduka <\/strong><strong>\u017e\u00e1k\u016fm 1. a 2. t\u0159\u00edd.<\/strong><\/p>\n<p style=\"text-align: left;\"><strong>\u017d\u00e1ci a zam\u011bstnanci \u0161koly (i dal\u0161\u00ed osoby pohybuj\u00edc\u00ed se ve \u0161kole) maj\u00ed povinnost nosit rou\u0161ky po celou dobu pobytu ve \u0161kole.&nbsp;<\/strong><\/p>\n<p style=\"text-align: left;\">V prostor\u00e1ch \u0161koly bude prob\u00edhat<strong> pravideln\u00e9 v\u011btr\u00e1n\u00ed vnit\u0159n\u00edch prostor<\/strong> \u2013 v d\u00e9lce alespo\u0148 5 minut b\u011bhem p\u0159est\u00e1vek a z\u00e1rove\u0148 jednou uprost\u0159ed ka\u017ed\u00e9 vyu\u010dovac\u00ed hodiny.&nbsp;<\/p>\n<p style=\"text-align: left;\"><strong>Pros\u00edm, dejte d\u011btem tepl\u00e9 oble\u010den\u00ed (svetr, mikinu),<\/strong> aby jim nebylo p\u0159i v\u011btr\u00e1n\u00ed chladno, <strong>a minim\u00e1ln\u011b dv\u011b rou\u0161ky + s\u00e1\u010dek.&nbsp;<\/strong><\/p>\n<p style=\"text-align: left;\"><strong>Je zak\u00e1z\u00e1n zp\u011bv a sportovn\u00ed \u010dinnosti p\u0159i vzd\u011bl\u00e1v\u00e1n\u00ed.<\/strong> Pokud to po\u010das\u00ed dovol\u00ed, p\u016fjdou \u017e\u00e1ci m\u00edsto t\u011blesn\u00e9 v\u00fdchovy ven na \u010derstv\u00fd vzduch.&nbsp;<\/p>\n<p style=\"text-align: left;\">&nbsp;<\/p>\n<p style=\"text-align: left;\"><strong>\u0160koln\u00ed dru\u017eina bude op\u011bt v provozu v pln\u00e9m rozsahu.<\/strong><\/p>\n<p>&nbsp;<\/p>\n<p style=\"text-align: left;\"><strong>Ve \u0161koln\u00ed j\u00eddeln\u011b se mohou prezen\u010dn\u011b stravovat pouze \u017e\u00e1ci v prezen\u010dn\u00ed v\u00fduce a zam\u011bstnanci \u0161koly p\u0159\u00edtomn\u00ed na pracovi\u0161ti.<\/strong> \u017d\u00e1ci 1. a 2. ro\u010dn\u00edku budou m\u00edt od st\u0159edy 18. 11. ob\u011bdy p\u0159ihl\u00e1\u0161en\u00e9.<\/p>\n<p style=\"text-align: left;\"><strong>\u017d\u00e1ci i zam\u011bstnanci \u0161koly maj\u00ed povinnost v prostor\u00e1ch \u0161koln\u00ed j\u00eddelny nosit rou\u0161ky, s v\u00fdjimkou doby konzumace stravy. Pitn\u00fd re\u017eim nebude ve \u0161kole zaji\u0161t\u011bn.<\/strong><\/p>\n<p>&nbsp;<\/p>\n<p style=\"text-align: left;\">Ve \u0161kole budou dodr\u017eov\u00e1na v\u0161echna epidemiologick\u00e1 a hygienick\u00e1 opat\u0159en\u00ed dan\u00e1 M\u0160MT a MZ \u010cR.<\/p>\n<p>&nbsp;<\/p>\n<p style=\"text-align: left;\"><strong>Pro \u017e\u00e1ky ostatn\u00edch t\u0159\u00edd se nic nem\u011bn\u00ed. Z\u016fst\u00e1vaj\u00ed v re\u017eimu distan\u010dn\u00ed v\u00fduky <\/strong>jako doposud se zachov\u00e1n\u00edm v\u0161ech nastaven\u00fdch pravidel.&nbsp;<\/p>\n<p style=\"text-align: left;\">&nbsp;<\/p>\n<p style=\"text-align: left;\"><strong>Jsou umo\u017en\u011bny prezen\u010dn\u00ed individu\u00e1ln\u00ed konzultace ve \u0161kole<\/strong> (v\u017edy pouze jeden \u017e\u00e1k a jeden pedagogick\u00fd pracovn\u00edk), u kter\u00fdch m\u016f\u017ee b\u00fdt p\u0159\u00edtomen z\u00e1konn\u00fd z\u00e1stupce \u017e\u00e1ka. O organizaci konzultac\u00ed rozhoduje \u0159editelka \u0161koly s ohledem na vzd\u011bl\u00e1vac\u00ed pot\u0159eby \u017e\u00e1ka.<\/p>\n<p style=\"text-align: left;\">&nbsp;<\/p>\n<p style=\"text-align: left;\"><strong>\u017d\u00e1ci maj\u00ed v dob\u011b povinn\u00e9 distan\u010dn\u00ed v\u00fduky n\u00e1rok na dotovan\u00fd ob\u011bd.<\/strong> V p\u0159\u00edpad\u011b z\u00e1jmu o odeb\u00edr\u00e1n\u00ed ob\u011bd\u016f kontaktujte, pros\u00edm, pan\u00ed Bart\u016f\u0161kovou na tel. 384 396 102. J\u00eddlo je vyd\u00e1v\u00e1no do j\u00eddlonosi\u010d\u016f.<\/p>\n<p><a href=\"http:\/\/zsjarosovnn.cz\/?attachment_id=32196\" rel=\"attachment wp-att-32196\"><img decoding=\"async\" loading=\"lazy\" width=\"948\" height=\"367\" class=\"alignnone size-full wp-image-32196\" alt=\"\" src=\"http:\/\/zsjarosovnn.cz\/wp-content\/uploads\/2020\/11\/zm\u011bny.png\" srcset=\"http:\/\/zsjarosovnn.cz\/wp-content\/uploads\/2020\/11\/zm\u011bny.png 948w, http:\/\/zsjarosovnn.cz\/wp-content\/uploads\/2020\/11\/zm\u011bny-768x297.png 768w\" sizes=\"(max-width: 948px) 100vw, 948px\" \/><\/a><\/p>\n<p><a href=\"http:\/\/zsjarosovnn.cz\/wp-content\/uploads\/2020\/11\/Informace-k-provozu-\u0161kol-a-\u0161kolsk\u00fdch-za\u0159\u00edzen\u00ed-od-18.-11.-2020.pdf\">v\u00edce&#8230;&#8230;<\/a><\/p>\n<p>&nbsp;<\/p>\n<p>&nbsp;<\/p>\n","protected":false},"excerpt":{"rendered":"<p>INFORMACE&nbsp; K PROVOZU&nbsp; \u0160KOLY&nbsp; OD&nbsp; 18. 11. 2020 &nbsp; Na z\u00e1klad\u011b rozhodnut\u00ed M\u0160MT ze dne 11.11.2020 je od 18. 11. 2020&nbsp; povolena prezen\u010dn\u00ed v\u00fduka \u017e\u00e1k\u016fm 1. a 2. t\u0159\u00edd. \u017d\u00e1ci a zam\u011bstnanci \u0161koly (i dal\u0161\u00ed osoby pohybuj\u00edc\u00ed se ve \u0161kole) maj\u00ed povinnost nosit rou\u0161ky po celou dobu pobytu ve \u0161kole.&nbsp; V prostor\u00e1ch \u0161koly bude prob\u00edhat<span class=\"more-excerpt\"><a class=\"more-excerpt-link\" href=\"http:\/\/zsjarosovnn.cz\/?p=32195\"> (continue reading&#8230;)  <\/a><\/span><\/p>\n","protected":false},"author":2,"featured_media":0,"comment_status":"closed","ping_status":"closed","sticky":false,"template":"","format":"standard","meta":{"ngg_post_thumbnail":0},"categories":[2],"tags":[],"_links":{"self":[{"href":"http:\/\/zsjarosovnn.cz\/index.php?rest_route=\/wp\/v2\/posts\/32195"}],"collection":[{"href":"http:\/\/zsjarosovnn.cz\/index.php?rest_route=\/wp\/v2\/posts"}],"about":[{"href":"http:\/\/zsjarosovnn.cz\/index.php?rest_route=\/wp\/v2\/types\/post"}],"author":[{"embeddable":true,"href":"http:\/\/zsjarosovnn.cz\/index.php?rest_route=\/wp\/v2\/users\/2"}],"replies":[{"embeddable":true,"href":"http:\/\/zsjarosovnn.cz\/index.php?rest_route=%2Fwp%2Fv2%2Fcomments&post=32195"}],"version-history":[{"count":4,"href":"http:\/\/zsjarosovnn.cz\/index.php?rest_route=\/wp\/v2\/posts\/32195\/revisions"}],"predecessor-version":[{"id":32201,"href":"http:\/\/zsjarosovnn.cz\/index.php?rest_route=\/wp\/v2\/posts\/32195\/revisions\/32201"}],"wp:attachment":[{"href":"http:\/\/zsjarosovnn.cz\/index.php?rest_route=%2Fwp%2Fv2%2Fmedia&parent=32195"}],"wp:term":[{"taxonomy":"category","embeddable":true,"href":"http:\/\/zsjarosovnn.cz\/index.php?rest_route=%2Fwp%2Fv2%2Fcategories&post=32195"},{"taxonomy":"post_tag","embeddable":true,"href":"http:\/\/zsjarosovnn.cz\/index.php?rest_route=%2Fwp%2Fv2%2Ftags&post=32195"}],"curies":[{"name":"wp","href":"https:\/\/api.w.org\/{rel}","templated":true}]}}