{"id":43273,"date":"2023-08-29T10:35:44","date_gmt":"2023-08-29T09:35:44","guid":{"rendered":"http:\/\/zsjarosovnn.cz\/?p=43273"},"modified":"2023-08-29T11:30:24","modified_gmt":"2023-08-29T10:30:24","slug":"informace-k-zahajeni-noveho-skolniho-roku-2023-2024","status":"publish","type":"post","link":"https:\/\/zsjarosovnn.cz\/?p=43273","title":{"rendered":"Informace k zah\u00e1jen\u00ed nov\u00e9ho \u0161koln\u00edho roku 2023 \/ 2024"},"content":{"rendered":"<p style=\"text-align: center;\"><strong>Informace k&nbsp;zah\u00e1jen\u00ed \u0161koln\u00edho roku 2023-2024<\/strong><\/p>\n<p><strong>&nbsp;<\/strong><\/p>\n<p><strong>V\u00e1\u017een\u00ed rodi\u010de, mil\u00ed \u017e\u00e1ci,<\/strong><\/p>\n<p>za p\u00e1r dn\u00ed za\u010dne nov\u00fd \u0161koln\u00ed rok. Pos\u00edl\u00e1me v\u00e1m nejd\u016fle\u017eit\u011bj\u0161\u00ed informace k&nbsp;prvn\u00edmu t\u00fddnu \u0161koly.<\/p>\n<p><span style=\"color: #0000ff;\">4. z\u00e1\u0159\u00ed \u2013 Slavnostn\u00ed zah\u00e1jen\u00ed \u0161koln\u00edho roku<\/span><\/p>\n<p>den bude prob\u00edhat n\u00e1sledovn\u011b<u>: <\/u><\/p>\n<ul>\n<li>rann\u00ed dru\u017eina bude v&nbsp;b\u011b\u017en\u00e9m&nbsp;provozu (od 6 hodin)<\/li>\n<li><u>pro velk\u00fd \u00fasp\u011bch z&nbsp;lo\u0148sk\u00e9ho roku se i letos v\u0161ichni sejdeme v&nbsp;8 hodin p\u0159ed \u0161kolou<\/u>, kde prob\u011bhne kr\u00e1tk\u00e9 slavnostn\u00ed zah\u00e1jen\u00ed (p\u0159iv\u00edt\u00e1n\u00ed prv\u0148\u00e1\u010dk\u016f, pedagog\u016f, nov\u00fdch \u017e\u00e1k\u016f, host\u016f, vyhodnocen\u00ed Cestovatelsk\u00e9 sout\u011b\u017ee)<\/li>\n<li>prv\u0148\u00e1\u010dci pak v&nbsp;doprovodu rodi\u010d\u016f p\u016fjdou do t\u0159\u00eddy, kde na n\u011b budou \u010dekat d\u00e1re\u010dky, u\u010debnice a ostatn\u00ed pom\u016fcky<\/li>\n<li>\u017e\u00e1ci 2. \u2013 5. ro\u010dn\u00edku se s t\u0159\u00eddn\u00edmi u\u010ditelkami postupn\u011b p\u0159esunou do sv\u00fdch t\u0159\u00edd, kde si sd\u011bl\u00ed pr\u00e1zdninov\u00e9 z\u00e1\u017eitky<\/li>\n<li>vyu\u010dov\u00e1n\u00ed skon\u010d\u00ed v&nbsp;8.45 hod., prv\u0148\u00e1\u010dk\u016fm v&nbsp;9.30 hod.<\/li>\n<li>\u017e\u00e1ci odch\u00e1zej\u00ed dom\u016f v&nbsp;doprovodu rodi\u010d\u016f nebo sami (nezapome\u0148te, pros\u00edm, na l\u00edste\u010dek)<\/li>\n<li>ob\u011bd maj\u00ed v\u0161ichni str\u00e1vn\u00edci p\u0159ihl\u00e1\u0161en\u00fd, v&nbsp;p\u0159\u00edpad\u011b odhl\u00e1\u0161en\u00ed kontaktujte, pros\u00edm, pan\u00ed Bart\u016f\u0161kovou (tel.: 384&nbsp;396&nbsp;102)<\/li>\n<li>odpoledn\u00ed dru\u017eina bude v&nbsp;provozu do 16 hodin<\/li>\n<\/ul>\n<p>&nbsp;&nbsp; P\u0159ehled na dal\u0161\u00ed dny najdete n\u00ed\u017ee:<\/p>\n<p><strong>&nbsp;<\/strong><\/p>\n<p style=\"text-align: left;\"><strong><u>Organizace v\u00fduky v&nbsp;t\u00fddnu od 4. z\u00e1\u0159\u00ed do 8. z\u00e1\u0159\u00ed 2023<\/u><\/strong><\/p>\n<table style=\"height: 766px;\" width=\"512\">\n<tbody>\n<tr>\n<td width=\"55\"><strong>Den<\/strong><\/td>\n<td width=\"73\"><strong>1. ro\u010d.<\/strong><\/td>\n<td width=\"73\"><strong>2. ro\u010d.<\/strong><\/td>\n<td width=\"73\"><strong>3. ro\u010d.<\/strong><\/td>\n<td width=\"73\"><strong>4. ro\u010d.<\/strong><\/td>\n<td width=\"73\"><strong>5. ro\u010d.<\/strong><\/p>\n<p><strong>&nbsp;<\/strong><\/td>\n<td width=\"203\"><strong>Ud\u00e1lost<\/strong><\/p>\n<p><strong>&nbsp;<\/strong><\/td>\n<\/tr>\n<tr>\n<td width=\"55\"><strong>&nbsp;<\/strong><\/td>\n<td width=\"73\"><span style=\"color: #ff0000;\">ukon\u010den\u00ed<\/span><\/td>\n<td width=\"73\"><span style=\"color: #ff0000;\">ukon\u010den\u00ed<\/span><\/td>\n<td width=\"73\"><span style=\"color: #ff0000;\">ukon\u010den\u00ed<\/span><\/td>\n<td width=\"73\"><span style=\"color: #ff0000;\">ukon\u010den\u00ed<\/span><\/td>\n<td width=\"73\"><span style=\"color: #ff0000;\">ukon\u010den\u00ed<\/span><\/td>\n<td width=\"203\"><strong>&nbsp;<\/strong><\/td>\n<\/tr>\n<tr>\n<td width=\"55\">4.z\u00e1\u0159\u00ed<\/td>\n<td width=\"73\">9.30<\/td>\n<td width=\"73\">8.45<\/td>\n<td width=\"73\">8.45<\/td>\n<td width=\"73\">8.45<\/td>\n<td width=\"73\">8.45<\/td>\n<td width=\"203\"><span style=\"color: #0000ff;\">Slavnostn\u00ed zah\u00e1jen\u00ed \u0161koln\u00edho roku<\/span><\/td>\n<\/tr>\n<tr>\n<td width=\"55\">5. z\u00e1\u0159\u00ed<\/td>\n<td width=\"73\">9.40<\/td>\n<td width=\"73\">11.40<\/td>\n<td width=\"73\">12.35<\/td>\n<td width=\"73\">12.35<\/td>\n<td width=\"73\">12.35<\/td>\n<td width=\"203\"><span style=\"color: #008000;\">Pr\u00e1ce ve t\u0159\u00edd\u00e1ch<\/span><\/td>\n<\/tr>\n<tr>\n<td width=\"55\">6.z\u00e1\u0159\u00ed<\/td>\n<td width=\"73\">9.40<\/td>\n<td width=\"73\">11.40<\/td>\n<td width=\"73\">12.35<\/td>\n<td width=\"73\">12.35<\/td>\n<td width=\"73\">12.35<\/td>\n<td width=\"203\"><span style=\"color: #008000;\">Pr\u00e1ce ve t\u0159\u00edd\u00e1ch<\/span><\/td>\n<\/tr>\n<tr>\n<td width=\"55\">7.z\u00e1\u0159\u00ed<\/td>\n<td width=\"73\">10.45<\/td>\n<td width=\"73\">11.40<\/td>\n<td width=\"73\">12.35<\/td>\n<td width=\"73\">12.35<\/td>\n<td width=\"73\">12.35<\/td>\n<td width=\"203\"><span style=\"color: #008000;\">Pr\u00e1ce ve t\u0159\u00edd\u00e1ch<\/span><\/p>\n<p>&nbsp;<\/td>\n<\/tr>\n<tr>\n<td width=\"55\">&nbsp;<\/p>\n<p>8.z\u00e1\u0159\u00ed<\/td>\n<td width=\"73\">&nbsp;<\/p>\n<p>11.40<\/td>\n<td width=\"73\">&nbsp;<\/p>\n<p>11.40<\/td>\n<td width=\"73\">&nbsp;<\/p>\n<p>12.35<\/td>\n<td width=\"73\">&nbsp;<\/p>\n<p>12.35<\/td>\n<td width=\"73\">&nbsp;<\/p>\n<p>12.35<\/td>\n<td width=\"203\"><strong>&nbsp;<span style=\"color: #993366;\">Sportovn\u00ed den<a href=\"http:\/\/zsjarosovnn.cz\/?attachment_id=43274\" rel=\"attachment wp-att-43274\"><img decoding=\"async\" loading=\"lazy\" class=\"alignnone wp-image-43274\" src=\"http:\/\/zsjarosovnn.cz\/wp-content\/uploads\/2023\/08\/sport.-den.png\" alt=\"\" width=\"71\" height=\"71\"><\/a><\/span><\/strong><\/p>\n<p><u>s&nbsp;sebou:<\/u><\/p>\n<p>pohodln\u00e9 sportovn\u00ed oble\u010den\u00ed a obuv, bat\u016f\u017eek &#8211; sva\u010dina, pit\u00ed, kapesn\u00edky<\/td>\n<\/tr>\n<\/tbody>\n<\/table>\n<p><strong>&nbsp;<\/strong><\/p>\n<p style=\"text-align: center;\"><span style=\"color: #ff0000;\"><strong>Od 11. z\u00e1\u0159\u00ed 2023 se vyu\u010duje podle <a href=\"http:\/\/zsjarosovnn.cz\/?page_id=4461\">rozvrhu jednotliv\u00fdch ro\u010dn\u00edk\u016f<\/a>.<\/strong><\/span><\/p>\n<p style=\"text-align: center;\"><span style=\"color: #008000;\">P\u0159ejeme v\u0161em d\u011btem klidn\u00fd a \u00fasp\u011b\u0161n\u00fd nov\u00fd \u0161koln\u00ed rok!<\/span><\/p>\n","protected":false},"excerpt":{"rendered":"<p>Informace k&nbsp;zah\u00e1jen\u00ed \u0161koln\u00edho roku 2023-2024 &nbsp; V\u00e1\u017een\u00ed rodi\u010de, mil\u00ed \u017e\u00e1ci, za p\u00e1r dn\u00ed za\u010dne nov\u00fd \u0161koln\u00ed rok. Pos\u00edl\u00e1me v\u00e1m nejd\u016fle\u017eit\u011bj\u0161\u00ed informace k&nbsp;prvn\u00edmu t\u00fddnu \u0161koly. 4. z\u00e1\u0159\u00ed \u2013 Slavnostn\u00ed zah\u00e1jen\u00ed \u0161koln\u00edho roku den bude prob\u00edhat n\u00e1sledovn\u011b: rann\u00ed dru\u017eina bude v&nbsp;b\u011b\u017en\u00e9m&nbsp;provozu (od 6 hodin) pro velk\u00fd \u00fasp\u011bch z&nbsp;lo\u0148sk\u00e9ho roku se i letos v\u0161ichni sejdeme v&nbsp;8 hodin p\u0159ed<span class=\"more-excerpt\"><a class=\"more-excerpt-link\" href=\"https:\/\/zsjarosovnn.cz\/?p=43273\"> (continue reading&#8230;)  <\/a><\/span><\/p>\n","protected":false},"author":2,"featured_media":0,"comment_status":"closed","ping_status":"closed","sticky":false,"template":"","format":"standard","meta":{"ngg_post_thumbnail":0},"categories":[2],"tags":[],"_links":{"self":[{"href":"https:\/\/zsjarosovnn.cz\/index.php?rest_route=\/wp\/v2\/posts\/43273"}],"collection":[{"href":"https:\/\/zsjarosovnn.cz\/index.php?rest_route=\/wp\/v2\/posts"}],"about":[{"href":"https:\/\/zsjarosovnn.cz\/index.php?rest_route=\/wp\/v2\/types\/post"}],"author":[{"embeddable":true,"href":"https:\/\/zsjarosovnn.cz\/index.php?rest_route=\/wp\/v2\/users\/2"}],"replies":[{"embeddable":true,"href":"https:\/\/zsjarosovnn.cz\/index.php?rest_route=%2Fwp%2Fv2%2Fcomments&post=43273"}],"version-history":[{"count":11,"href":"https:\/\/zsjarosovnn.cz\/index.php?rest_route=\/wp\/v2\/posts\/43273\/revisions"}],"predecessor-version":[{"id":43285,"href":"https:\/\/zsjarosovnn.cz\/index.php?rest_route=\/wp\/v2\/posts\/43273\/revisions\/43285"}],"wp:attachment":[{"href":"https:\/\/zsjarosovnn.cz\/index.php?rest_route=%2Fwp%2Fv2%2Fmedia&parent=43273"}],"wp:term":[{"taxonomy":"category","embeddable":true,"href":"https:\/\/zsjarosovnn.cz\/index.php?rest_route=%2Fwp%2Fv2%2Fcategories&post=43273"},{"taxonomy":"post_tag","embeddable":true,"href":"https:\/\/zsjarosovnn.cz\/index.php?rest_route=%2Fwp%2Fv2%2Ftags&post=43273"}],"curies":[{"name":"wp","href":"https:\/\/api.w.org\/{rel}","templated":true}]}}