{"id":49783,"date":"2024-06-26T16:35:26","date_gmt":"2024-06-26T15:35:26","guid":{"rendered":"http:\/\/zsjarosovnn.cz\/?p=49783"},"modified":"2024-06-26T16:35:26","modified_gmt":"2024-06-26T15:35:26","slug":"zs-vicemistr-cr-ve-skifu-jakub-hradek-26-6-2024","status":"publish","type":"post","link":"https:\/\/zsjarosovnn.cz\/?p=49783","title":{"rendered":"Z\u0160 Vicemistr \u010cR ve skifu Jakub Hr\u00e1dek!- 26.6. 2024"},"content":{"rendered":"<p>Od p\u00e1tku 21. \u010dervna prob\u00edhalo v Ra\u010dic\u00edch Mistrovstv\u00ed \u010cR \u017eactva ve veslov\u00e1n\u00ed. V ned\u011bli se bojovalo o mistrovsk\u00e9 tituly.<br \/>\nV z\u00e1v\u011bru z\u00e1vodn\u00edho dne startovali skifa\u0159i kategorie \u017e\u00e1k\u016f mlad\u0161\u00edch, rozd\u011blen\u00ed na skifa\u0159e 11let\u00e9 a 12let\u00e9. V mlad\u0161\u00ed kategorii na p\u00f3dium vystoupal i n\u00e1\u0161 Jakub Hr\u00e1dek, \u017e\u00e1k 4. ro\u010dn\u00edku. Kubo, moc Ti gratulujeme! Dal\u0161\u00ed gratulace pat\u0159\u00ed star\u0161\u00edmu z Hr\u00e1dk\u016f, Adamovi, b\u00fdval\u00e9mu \u017e\u00e1ku na\u0161\u00ed \u0161koly, kter\u00fd ve sv\u00e9 kategorii z\u00edskal 1. m\u00edsto a stal se Mistrem \u010cR!\n\t\t<style type=\"text\/css\">\n\t\t\t#gallery-1 {\n\t\t\t\tmargin: auto;\n\t\t\t}\n\t\t\t#gallery-1 .gallery-item {\n\t\t\t\tfloat: left;\n\t\t\t\tmargin-top: 10px;\n\t\t\t\ttext-align: center;\n\t\t\t\twidth: 33%;\n\t\t\t}\n\t\t\t#gallery-1 img {\n\t\t\t\tborder: 2px solid #cfcfcf;\n\t\t\t}\n\t\t\t#gallery-1 .gallery-caption {\n\t\t\t\tmargin-left: 0;\n\t\t\t}\n\t\t\t\/* see gallery_shortcode() in wp-includes\/media.php *\/\n\t\t<\/style>\n\t\t<div id='gallery-1' class='gallery galleryid-49783 gallery-columns-3 gallery-size-thumbnail'><dl class='gallery-item'>\n\t\t\t<dt class='gallery-icon portrait'>\n\t\t\t\t<a href='https:\/\/zsjarosovnn.cz\/wp-content\/uploads\/2024\/06\/1000021253.jpg' title=\"\" data-rl_title=\"\" class=\"rl-gallery-link\" data-rl_caption=\"\" data-rel=\"lightbox-gallery-1\"><img width=\"150\" height=\"150\" src=\"https:\/\/zsjarosovnn.cz\/wp-content\/uploads\/2024\/06\/1000021253-150x150.jpg\" class=\"attachment-thumbnail size-thumbnail\" alt=\"\" decoding=\"async\" loading=\"lazy\" srcset=\"https:\/\/zsjarosovnn.cz\/wp-content\/uploads\/2024\/06\/1000021253-150x150.jpg 150w, https:\/\/zsjarosovnn.cz\/wp-content\/uploads\/2024\/06\/1000021253-144x144.jpg 144w\" sizes=\"(max-width: 150px) 100vw, 150px\" \/><\/a>\n\t\t\t<\/dt><\/dl><dl class='gallery-item'>\n\t\t\t<dt class='gallery-icon portrait'>\n\t\t\t\t<a href='https:\/\/zsjarosovnn.cz\/wp-content\/uploads\/2024\/06\/1000021449.jpg' title=\"\" data-rl_title=\"\" class=\"rl-gallery-link\" data-rl_caption=\"\" data-rel=\"lightbox-gallery-1\"><img width=\"150\" height=\"150\" src=\"https:\/\/zsjarosovnn.cz\/wp-content\/uploads\/2024\/06\/1000021449-150x150.jpg\" class=\"attachment-thumbnail size-thumbnail\" alt=\"\" decoding=\"async\" loading=\"lazy\" srcset=\"https:\/\/zsjarosovnn.cz\/wp-content\/uploads\/2024\/06\/1000021449-150x150.jpg 150w, https:\/\/zsjarosovnn.cz\/wp-content\/uploads\/2024\/06\/1000021449-144x144.jpg 144w\" sizes=\"(max-width: 150px) 100vw, 150px\" \/><\/a>\n\t\t\t<\/dt><\/dl><dl class='gallery-item'>\n\t\t\t<dt class='gallery-icon portrait'>\n\t\t\t\t<a href='https:\/\/zsjarosovnn.cz\/wp-content\/uploads\/2024\/06\/1000021467.jpg' title=\"\" data-rl_title=\"\" class=\"rl-gallery-link\" data-rl_caption=\"\" data-rel=\"lightbox-gallery-1\"><img width=\"150\" height=\"150\" src=\"https:\/\/zsjarosovnn.cz\/wp-content\/uploads\/2024\/06\/1000021467-150x150.jpg\" class=\"attachment-thumbnail size-thumbnail\" alt=\"\" decoding=\"async\" loading=\"lazy\" srcset=\"https:\/\/zsjarosovnn.cz\/wp-content\/uploads\/2024\/06\/1000021467-150x150.jpg 150w, https:\/\/zsjarosovnn.cz\/wp-content\/uploads\/2024\/06\/1000021467-144x144.jpg 144w\" sizes=\"(max-width: 150px) 100vw, 150px\" \/><\/a>\n\t\t\t<\/dt><\/dl><br style=\"clear: both\" \/>\n\t\t<\/div>\n<\/p>\n","protected":false},"excerpt":{"rendered":"<p>Od p\u00e1tku 21. \u010dervna prob\u00edhalo v Ra\u010dic\u00edch Mistrovstv\u00ed \u010cR \u017eactva ve veslov\u00e1n\u00ed. V ned\u011bli se bojovalo o mistrovsk\u00e9 tituly. V z\u00e1v\u011bru z\u00e1vodn\u00edho dne startovali skifa\u0159i kategorie \u017e\u00e1k\u016f mlad\u0161\u00edch, rozd\u011blen\u00ed na skifa\u0159e 11let\u00e9 a 12let\u00e9. V mlad\u0161\u00ed kategorii na p\u00f3dium vystoupal i n\u00e1\u0161 Jakub Hr\u00e1dek, \u017e\u00e1k 4. ro\u010dn\u00edku. Kubo, moc Ti gratulujeme! Dal\u0161\u00ed gratulace pat\u0159\u00ed star\u0161\u00edmu<span class=\"more-excerpt\"><a class=\"more-excerpt-link\" href=\"https:\/\/zsjarosovnn.cz\/?p=49783\"> (continue reading&#8230;)  <\/a><\/span><\/p>\n","protected":false},"author":3,"featured_media":0,"comment_status":"closed","ping_status":"closed","sticky":false,"template":"","format":"standard","meta":{"ngg_post_thumbnail":0},"categories":[14,2],"tags":[],"_links":{"self":[{"href":"https:\/\/zsjarosovnn.cz\/index.php?rest_route=\/wp\/v2\/posts\/49783"}],"collection":[{"href":"https:\/\/zsjarosovnn.cz\/index.php?rest_route=\/wp\/v2\/posts"}],"about":[{"href":"https:\/\/zsjarosovnn.cz\/index.php?rest_route=\/wp\/v2\/types\/post"}],"author":[{"embeddable":true,"href":"https:\/\/zsjarosovnn.cz\/index.php?rest_route=\/wp\/v2\/users\/3"}],"replies":[{"embeddable":true,"href":"https:\/\/zsjarosovnn.cz\/index.php?rest_route=%2Fwp%2Fv2%2Fcomments&post=49783"}],"version-history":[{"count":1,"href":"https:\/\/zsjarosovnn.cz\/index.php?rest_route=\/wp\/v2\/posts\/49783\/revisions"}],"predecessor-version":[{"id":49787,"href":"https:\/\/zsjarosovnn.cz\/index.php?rest_route=\/wp\/v2\/posts\/49783\/revisions\/49787"}],"wp:attachment":[{"href":"https:\/\/zsjarosovnn.cz\/index.php?rest_route=%2Fwp%2Fv2%2Fmedia&parent=49783"}],"wp:term":[{"taxonomy":"category","embeddable":true,"href":"https:\/\/zsjarosovnn.cz\/index.php?rest_route=%2Fwp%2Fv2%2Fcategories&post=49783"},{"taxonomy":"post_tag","embeddable":true,"href":"https:\/\/zsjarosovnn.cz\/index.php?rest_route=%2Fwp%2Fv2%2Ftags&post=49783"}],"curies":[{"name":"wp","href":"https:\/\/api.w.org\/{rel}","templated":true}]}}