{"id":49988,"date":"2024-06-26T19:26:40","date_gmt":"2024-06-26T18:26:40","guid":{"rendered":"http:\/\/zsjarosovnn.cz\/?p=49988"},"modified":"2024-06-26T19:26:40","modified_gmt":"2024-06-26T18:26:40","slug":"zs-rozlouceni-s-pataky-tablo-26-6-2024","status":"publish","type":"post","link":"https:\/\/zsjarosovnn.cz\/?p=49988","title":{"rendered":"Z\u0160 Rozlou\u010den\u00ed s p\u00e1\u0165\u00e1ky, tablo &#8211; 26.6. 2024"},"content":{"rendered":"<p>Mil\u00ed p\u00e1\u0165\u00e1ci, Ad\u00e9lko, Jitko, Majdo, \u0160\u00e1rko, Adame, Dane, Davide, Tome a Vojto, p\u0159ejeme v\u00e1m kr\u00e1sn\u00e9 pr\u00e1zdniny a \u00fasp\u011b\u0161n\u00fd start v dal\u0161\u00ed etap\u011b va\u0161eho \u017eivota. \n\t\t<style type=\"text\/css\">\n\t\t\t#gallery-1 {\n\t\t\t\tmargin: auto;\n\t\t\t}\n\t\t\t#gallery-1 .gallery-item {\n\t\t\t\tfloat: left;\n\t\t\t\tmargin-top: 10px;\n\t\t\t\ttext-align: center;\n\t\t\t\twidth: 33%;\n\t\t\t}\n\t\t\t#gallery-1 img {\n\t\t\t\tborder: 2px solid #cfcfcf;\n\t\t\t}\n\t\t\t#gallery-1 .gallery-caption {\n\t\t\t\tmargin-left: 0;\n\t\t\t}\n\t\t\t\/* see gallery_shortcode() in wp-includes\/media.php *\/\n\t\t<\/style>\n\t\t<div id='gallery-1' class='gallery galleryid-49988 gallery-columns-3 gallery-size-thumbnail'><dl class='gallery-item'>\n\t\t\t<dt class='gallery-icon landscape'>\n\t\t\t\t<a href='https:\/\/zsjarosovnn.cz\/wp-content\/uploads\/2024\/06\/1000021238.jpg' title=\"\" data-rl_title=\"\" class=\"rl-gallery-link\" data-rl_caption=\"\" data-rel=\"lightbox-gallery-1\"><img width=\"150\" height=\"150\" src=\"https:\/\/zsjarosovnn.cz\/wp-content\/uploads\/2024\/06\/1000021238-150x150.jpg\" class=\"attachment-thumbnail size-thumbnail\" alt=\"\" decoding=\"async\" loading=\"lazy\" srcset=\"https:\/\/zsjarosovnn.cz\/wp-content\/uploads\/2024\/06\/1000021238-150x150.jpg 150w, https:\/\/zsjarosovnn.cz\/wp-content\/uploads\/2024\/06\/1000021238-144x144.jpg 144w\" sizes=\"(max-width: 150px) 100vw, 150px\" \/><\/a>\n\t\t\t<\/dt><\/dl>\n\t\t\t<br style='clear: both' \/>\n\t\t<\/div>\n<\/p>\n","protected":false},"excerpt":{"rendered":"<p>Mil\u00ed p\u00e1\u0165\u00e1ci, Ad\u00e9lko, Jitko, Majdo, \u0160\u00e1rko, Adame, Dane, Davide, Tome a Vojto, p\u0159ejeme v\u00e1m kr\u00e1sn\u00e9 pr\u00e1zdniny a \u00fasp\u011b\u0161n\u00fd start v dal\u0161\u00ed etap\u011b va\u0161eho \u017eivota.<\/p>\n","protected":false},"author":3,"featured_media":0,"comment_status":"closed","ping_status":"closed","sticky":false,"template":"","format":"standard","meta":{"ngg_post_thumbnail":0},"categories":[12,13,14,2],"tags":[],"_links":{"self":[{"href":"https:\/\/zsjarosovnn.cz\/index.php?rest_route=\/wp\/v2\/posts\/49988"}],"collection":[{"href":"https:\/\/zsjarosovnn.cz\/index.php?rest_route=\/wp\/v2\/posts"}],"about":[{"href":"https:\/\/zsjarosovnn.cz\/index.php?rest_route=\/wp\/v2\/types\/post"}],"author":[{"embeddable":true,"href":"https:\/\/zsjarosovnn.cz\/index.php?rest_route=\/wp\/v2\/users\/3"}],"replies":[{"embeddable":true,"href":"https:\/\/zsjarosovnn.cz\/index.php?rest_route=%2Fwp%2Fv2%2Fcomments&post=49988"}],"version-history":[{"count":1,"href":"https:\/\/zsjarosovnn.cz\/index.php?rest_route=\/wp\/v2\/posts\/49988\/revisions"}],"predecessor-version":[{"id":49990,"href":"https:\/\/zsjarosovnn.cz\/index.php?rest_route=\/wp\/v2\/posts\/49988\/revisions\/49990"}],"wp:attachment":[{"href":"https:\/\/zsjarosovnn.cz\/index.php?rest_route=%2Fwp%2Fv2%2Fmedia&parent=49988"}],"wp:term":[{"taxonomy":"category","embeddable":true,"href":"https:\/\/zsjarosovnn.cz\/index.php?rest_route=%2Fwp%2Fv2%2Fcategories&post=49988"},{"taxonomy":"post_tag","embeddable":true,"href":"https:\/\/zsjarosovnn.cz\/index.php?rest_route=%2Fwp%2Fv2%2Ftags&post=49988"}],"curies":[{"name":"wp","href":"https:\/\/api.w.org\/{rel}","templated":true}]}}